{"id":8635,"date":"2026-04-29T17:26:46","date_gmt":"2026-04-29T15:26:46","guid":{"rendered":"https:\/\/comjib.org\/?p=8635"},"modified":"2026-04-29T17:28:18","modified_gmt":"2026-04-29T15:28:18","slug":"visita-oficial-do-comjib-ao-ministerio-das-relacoes-exteriores-do-mexico","status":"publish","type":"post","link":"https:\/\/comjib.org\/pt-pt\/visita-oficial-do-comjib-ao-ministerio-das-relacoes-exteriores-do-mexico\/","title":{"rendered":"Visita oficial do COMJIB ao Minist\u00e9rio das Rela\u00e7\u00f5es Exteriores do M\u00e9xico"},"content":{"rendered":"<p>O Secret\u00e1rio-Geral da Confer\u00eancia de Ministros da Justi\u00e7a dos Pa\u00edses Ibero-Americanos (COMJIB), Enrique Gil Botero, realizou uma reuni\u00e3o institucional com a Subsecret\u00e1ria para a Am\u00e9rica Latina e o Caribe, Raquel Serur, e o Diretor-Geral, Daniel C\u00e1mara \u00c1valos, do Minist\u00e9rio das Rela\u00e7\u00f5es Exteriores do M\u00e9xico, para apresentar as principais conquistas da organiza\u00e7\u00e3o e explorar novas vias de colabora\u00e7\u00e3o conjunta.<\/p>\n<p>A reuni\u00e3o, realizada na sede do Minist\u00e9rio das Rela\u00e7\u00f5es Exteriores do M\u00e9xico, ocorreu em um clima de di\u00e1logo construtivo e coopera\u00e7\u00e3o, facilitando uma troca detalhada sobre as prioridades estrat\u00e9gicas da COMJIB, bem como sobre os desafios comuns enfrentados pelos pa\u00edses ibero-americanos em termos de fortalecimento institucional, acesso \u00e0 justi\u00e7a e moderniza\u00e7\u00e3o dos sistemas judiciais.<\/p>\n<p>Durante a reuni\u00e3o, Enrique Gil Botero destacou o papel da COMJIB como uma organiza\u00e7\u00e3o internacional fundamental para a coordena\u00e7\u00e3o de pol\u00edticas p\u00fablicas na \u00e1rea da justi\u00e7a, ressaltando os avan\u00e7os alcan\u00e7ados em iniciativas regionais focadas na coopera\u00e7\u00e3o jur\u00eddica internacional, na digitaliza\u00e7\u00e3o dos sistemas judiciais, na seguran\u00e7a jur\u00eddica e na promo\u00e7\u00e3o de mecanismos eficazes de acesso dos cidad\u00e3os \u00e0 justi\u00e7a.<\/p>\n<p>Nesse contexto, a Rede Ibero-Americana de Coopera\u00e7\u00e3o Jur\u00eddica Internacional (IberRed) foi mencionada como um instrumento fundamental para facilitar a coopera\u00e7\u00e3o jur\u00eddica internacional em mat\u00e9ria civil e penal entre as autoridades centrais dos pa\u00edses ibero-americanos.<\/p>\n<p>Como parte dessa agenda, explorou-se a possibilidade de o M\u00e9xico sediar futuras reuni\u00f5es t\u00e9cnicas e sess\u00f5es de trabalho com o objetivo de aprofundar a coopera\u00e7\u00e3o jur\u00eddica na Ibero-Am\u00e9rica. Essas iniciativas consolidariam a troca de boas pr\u00e1ticas, agilizariam os procedimentos de assist\u00eancia jur\u00eddica m\u00fatua e impulsionariam o desenvolvimento de respostas coordenadas.<\/p>\n<p>A reuni\u00e3o concluiu com o compromisso de ambas as partes em continuar fortalecendo os canais de coopera\u00e7\u00e3o existentes e em avan\u00e7ar na elabora\u00e7\u00e3o de novas a\u00e7\u00f5es conjuntas.<\/p>\n","protected":false},"excerpt":{"rendered":"<p>O Secret\u00e1rio-Geral da Confer\u00eancia de Ministros da Justi\u00e7a dos Pa\u00edses Ibero-Americanos (COMJIB), Enrique Gil Botero, realizou uma reuni\u00e3o institucional com a Subsecret\u00e1ria para a Am\u00e9rica Latina e o Caribe, Raquel Serur, e o Diretor-Geral, Daniel C\u00e1mara \u00c1valos, do Minist\u00e9rio das Rela\u00e7\u00f5es Exteriores do M\u00e9xico, para apresentar as principais conquistas da organiza\u00e7\u00e3o e explorar novas vias [&hellip;]<\/p>\n","protected":false},"author":34417,"featured_media":8631,"comment_status":"closed","ping_status":"closed","sticky":false,"template":"","format":"standard","meta":{"_et_pb_use_builder":"","_et_pb_old_content":"","_et_gb_content_width":"","footnotes":""},"categories":[116],"tags":[],"class_list":["post-8635","post","type-post","status-publish","format-standard","has-post-thumbnail","hentry","category-noticias-pt-pt-pt"],"_links":{"self":[{"href":"https:\/\/comjib.org\/pt-pt\/wp-json\/wp\/v2\/posts\/8635","targetHints":{"allow":["GET"]}}],"collection":[{"href":"https:\/\/comjib.org\/pt-pt\/wp-json\/wp\/v2\/posts"}],"about":[{"href":"https:\/\/comjib.org\/pt-pt\/wp-json\/wp\/v2\/types\/post"}],"author":[{"embeddable":true,"href":"https:\/\/comjib.org\/pt-pt\/wp-json\/wp\/v2\/users\/34417"}],"replies":[{"embeddable":true,"href":"https:\/\/comjib.org\/pt-pt\/wp-json\/wp\/v2\/comments?post=8635"}],"version-history":[{"count":1,"href":"https:\/\/comjib.org\/pt-pt\/wp-json\/wp\/v2\/posts\/8635\/revisions"}],"predecessor-version":[{"id":8636,"href":"https:\/\/comjib.org\/pt-pt\/wp-json\/wp\/v2\/posts\/8635\/revisions\/8636"}],"wp:featuredmedia":[{"embeddable":true,"href":"https:\/\/comjib.org\/pt-pt\/wp-json\/wp\/v2\/media\/8631"}],"wp:attachment":[{"href":"https:\/\/comjib.org\/pt-pt\/wp-json\/wp\/v2\/media?parent=8635"}],"wp:term":[{"taxonomy":"category","embeddable":true,"href":"https:\/\/comjib.org\/pt-pt\/wp-json\/wp\/v2\/categories?post=8635"},{"taxonomy":"post_tag","embeddable":true,"href":"https:\/\/comjib.org\/pt-pt\/wp-json\/wp\/v2\/tags?post=8635"}],"curies":[{"name":"wp","href":"https:\/\/api.w.org\/{rel}","templated":true}]}}