{"id":8142,"date":"2025-06-13T12:00:25","date_gmt":"2025-06-13T10:00:25","guid":{"rendered":"https:\/\/comjib.org\/?p=8142"},"modified":"2025-07-15T15:56:10","modified_gmt":"2025-07-15T13:56:10","slug":"conferencia-do-nosso-secretario-geral-enrique-gil-botero-sobre-migracoes-por-ocasiao-da-apresentacao-do-seu-novo-livro-amparo-universal-de-los-derechos-de-los-migrantes-na-academia","status":"publish","type":"post","link":"https:\/\/comjib.org\/pt-pt\/conferencia-do-nosso-secretario-geral-enrique-gil-botero-sobre-migracoes-por-ocasiao-da-apresentacao-do-seu-novo-livro-amparo-universal-de-los-derechos-de-los-migrantes-na-academia\/","title":{"rendered":"Confer\u00eancia do nosso Secret\u00e1rio-Geral, Enrique Gil Botero, sobre migra\u00e7\u00f5es por ocasi\u00e3o da apresenta\u00e7\u00e3o do seu novo livro \u201cAmparo Universal de los Derechos de los Migrantes\u201d na Academia Matritense del Notariado Espa\u00f1ol, em Madrid"},"content":{"rendered":"<p><a href=\"https:\/\/comjib.org\/wp-content\/uploads\/2025\/07\/Discurso-Enrique-Gil-Botero_-Migrantes.pdf\" target=\"_blank\" rel=\"noopener\"><img loading=\"lazy\" decoding=\"async\" class=\"alignnone size-medium wp-image-8287\" src=\"https:\/\/comjib.org\/wp-content\/uploads\/2025\/06\/1-300x85.png\" alt=\"\" width=\"300\" height=\"85\" \/><\/a><\/p>\n<p><a href=\"https:\/\/youtu.be\/BvGQDDggf4w?si=tphF09WBilKq3mGt\" target=\"_blank\" rel=\"noopener\"><img loading=\"lazy\" decoding=\"async\" class=\"alignnone size-medium wp-image-8289\" src=\"https:\/\/comjib.org\/wp-content\/uploads\/2025\/06\/2-300x85.png\" alt=\"\" width=\"300\" height=\"85\" \/><\/a><\/p>\n<p><b>Madrid, 29 de maio de 2025<\/b><\/p>\n<p><span style=\"font-weight: 400;\">Durante um evento realizado na Academia Matritense del Notariado, o Sr. Enrique Gil Botero, jurista colombiano e atual Secret\u00e1rio-Geral da Confer\u00eancia dos Ministros da Justi\u00e7a dos Pa\u00edses Ibero-Americanos (COMJIB), proferiu uma confer\u00eancia no \u00e2mbito do lan\u00e7amento da sua \u00faltima publica\u00e7\u00e3o intitulada &#8220;Amparo Universal dos Direitos dos Migrantes. Quadro comparativo e convencional de prote\u00e7\u00e3o&#8221;.<\/span><\/p>\n<p><span style=\"font-weight: 400;\">Durante a apresenta\u00e7\u00e3o, o Dr. Enrique Gil Botero, antigo Ministro da Justi\u00e7a da Col\u00f4mbia, antigo Presidente do Conselho de Estado e antigo Comiss\u00e1rio da CIDH, sublinhou que a migra\u00e7\u00e3o n\u00e3o deve ser analisada numa perspetiva ideol\u00f3gica:<\/span><\/p>\n<p><span style=\"font-weight: 400;\">&#8220;A mobilidade humana &#8211; a migra\u00e7\u00e3o &#8211; n\u00e3o deve ser analisada sob a presbiopia das cores pol\u00edticas da esquerda ou da direita, mas sob a lente esclarecedora de que as pessoas continuar\u00e3o a deslocar-se pelas mesmas raz\u00f5es originais de ontem e de hoje e, com certeza, n\u00f3s, seres humanos, migraremos para as estrelas, independentemente da ideologia da direita e da esquerda&#8221;.<\/span><\/p>\n<p><span style=\"font-weight: 400;\">Afirmou ainda que &#8220;a hist\u00f3ria da migra\u00e7\u00e3o \u00e9 a hist\u00f3ria da humanidade, a hist\u00f3ria das sociedades, dos Estados e de todo o progresso&#8221;.<\/span><\/p>\n<p><span style=\"font-weight: 400;\">Este evento reuniu acad\u00e9micos, especialistas em direito internacional e autoridades judiciais, que sublinharam a relev\u00e2ncia desta publica\u00e7\u00e3o no atual contexto global marcado pelos desafios da migra\u00e7\u00e3o.<\/span><\/p>\n<p><span style=\"font-weight: 400;\">O livro oferece uma an\u00e1lise comparativa dos quadros jur\u00eddicos que protegem os direitos dos migrantes. <\/span><span style=\"font-weight: 400;\">Reflecte tamb\u00e9m sobre a necessidade crescente de harmonizar a seguran\u00e7a das fronteiras com a prote\u00e7\u00e3o e o respeito dos direitos humanos, afirmando que: <\/span><span style=\"font-weight: 400;\">\u201cA prote\u00e7\u00e3o dos direitos humanos e a seguran\u00e7a das fronteiras n\u00e3o s\u00e3o objectivos mutuamente exclusivos, mas complementares\u201d.<\/span><\/p>\n<p><span style=\"font-weight: 400;\">O livro foi recebido com entusiasmo pela comunidade jur\u00eddica, que destacou a sua abordagem inclusiva e a sua contribui\u00e7\u00e3o para o refor\u00e7o dos princ\u00edpios da legalidade, da dignidade humana e da coopera\u00e7\u00e3o internacional no dom\u00ednio da migra\u00e7\u00e3o.<\/span><\/p>\n<p><span style=\"font-weight: 400;\">A publica\u00e7\u00e3o culmina com uma declara\u00e7\u00e3o que sintetiza a sua ess\u00eancia: &#8220;<\/span><span style=\"font-weight: 400;\">Um Estado que protege as suas fronteiras de uma forma legal, proporcional e respeitadora da dignidade humana refor\u00e7a a legitimidade das suas institui\u00e7\u00f5es e contribui para a coes\u00e3o social&#8221;.<\/span><\/p>\n<p><span style=\"font-weight: 400;\">O autor afirma ainda no seu livro que: &#8220;Os migrantes t\u00eam direitos universais, mas tamb\u00e9m deveres inexor\u00e1veis para com os Estados de acolhimento. Este \u00e9 o equil\u00edbrio da balan\u00e7a em termos de mobilidade humana&#8221;.<\/span><\/p>\n<p><span style=\"font-weight: 400;\">Com esta mensagem, o Dr. Enrique Gil Botero convida a uma leitura cr\u00edtica da obra e a uma reflex\u00e3o profunda sobre o papel desempenhado pelos Estados face aos desafios migrat\u00f3rios num mundo cada vez mais globalizado.<\/span><\/p>\n","protected":false},"excerpt":{"rendered":"<p>Madrid, 29 de maio de 2025 Durante um evento realizado na Academia Matritense del Notariado, o Sr. Enrique Gil Botero, jurista colombiano e atual Secret\u00e1rio-Geral da Confer\u00eancia dos Ministros da Justi\u00e7a dos Pa\u00edses Ibero-Americanos (COMJIB), proferiu uma confer\u00eancia no \u00e2mbito do lan\u00e7amento da sua \u00faltima publica\u00e7\u00e3o intitulada &#8220;Amparo Universal dos Direitos dos Migrantes. Quadro comparativo [&hellip;]<\/p>\n","protected":false},"author":34417,"featured_media":8138,"comment_status":"closed","ping_status":"closed","sticky":false,"template":"","format":"standard","meta":{"_et_pb_use_builder":"","_et_pb_old_content":"","_et_gb_content_width":"","footnotes":""},"categories":[116],"tags":[],"class_list":["post-8142","post","type-post","status-publish","format-standard","has-post-thumbnail","hentry","category-noticias-pt-pt-pt"],"_links":{"self":[{"href":"https:\/\/comjib.org\/pt-pt\/wp-json\/wp\/v2\/posts\/8142","targetHints":{"allow":["GET"]}}],"collection":[{"href":"https:\/\/comjib.org\/pt-pt\/wp-json\/wp\/v2\/posts"}],"about":[{"href":"https:\/\/comjib.org\/pt-pt\/wp-json\/wp\/v2\/types\/post"}],"author":[{"embeddable":true,"href":"https:\/\/comjib.org\/pt-pt\/wp-json\/wp\/v2\/users\/34417"}],"replies":[{"embeddable":true,"href":"https:\/\/comjib.org\/pt-pt\/wp-json\/wp\/v2\/comments?post=8142"}],"version-history":[{"count":10,"href":"https:\/\/comjib.org\/pt-pt\/wp-json\/wp\/v2\/posts\/8142\/revisions"}],"predecessor-version":[{"id":8292,"href":"https:\/\/comjib.org\/pt-pt\/wp-json\/wp\/v2\/posts\/8142\/revisions\/8292"}],"wp:featuredmedia":[{"embeddable":true,"href":"https:\/\/comjib.org\/pt-pt\/wp-json\/wp\/v2\/media\/8138"}],"wp:attachment":[{"href":"https:\/\/comjib.org\/pt-pt\/wp-json\/wp\/v2\/media?parent=8142"}],"wp:term":[{"taxonomy":"category","embeddable":true,"href":"https:\/\/comjib.org\/pt-pt\/wp-json\/wp\/v2\/categories?post=8142"},{"taxonomy":"post_tag","embeddable":true,"href":"https:\/\/comjib.org\/pt-pt\/wp-json\/wp\/v2\/tags?post=8142"}],"curies":[{"name":"wp","href":"https:\/\/api.w.org\/{rel}","templated":true}]}}