{"id":8134,"date":"2025-06-06T12:39:13","date_gmt":"2025-06-06T10:39:13","guid":{"rendered":"https:\/\/comjib.org\/?p=8134"},"modified":"2025-06-06T12:39:13","modified_gmt":"2025-06-06T10:39:13","slug":"a-comjib-presente-na-34a-sessao-da-comissao-de-prevencao-ao-crime-e-justica-criminal-do-escritorio-das-nacoes-unidas-sobre-drogas-e-crime-unodc","status":"publish","type":"post","link":"https:\/\/comjib.org\/pt-pt\/a-comjib-presente-na-34a-sessao-da-comissao-de-prevencao-ao-crime-e-justica-criminal-do-escritorio-das-nacoes-unidas-sobre-drogas-e-crime-unodc\/","title":{"rendered":"A COMJIB presente na 34\u00aa Sess\u00e3o da Comiss\u00e3o de Preven\u00e7\u00e3o ao Crime e Justi\u00e7a Criminal do Escrit\u00f3rio das Na\u00e7\u00f5es Unidas sobre Drogas e Crime (UNODC)"},"content":{"rendered":"<p>A Confer\u00eancia de Ministros da Justi\u00e7a dos Pa\u00edses Ibero-americanos (COMJIB) participou da 34\u00aa Sess\u00e3o da Comiss\u00e3o de Preven\u00e7\u00e3o ao Crime e Justi\u00e7a Criminal do Escrit\u00f3rio das Na\u00e7\u00f5es Unidas sobre Drogas e Crime (UNODC), realizada em Viena, \u00c1ustria, nos dias 19 a 23 de maio.<\/p>\n<p>Esse importante encontro internacional reuniu representantes de diversos Estados-membros com o objetivo de trocar experi\u00eancias e promover a\u00e7\u00f5es conjuntas em \u00e1reas-chave como a preven\u00e7\u00e3o do crime, o combate \u00e0 corrup\u00e7\u00e3o e o enfrentamento ao narcotr\u00e1fico.<\/p>\n<p>A COMJIB participou como co-sponsor do evento paralelo \u201cUm Chamado Global \u00e0 A\u00e7\u00e3o: Implementa\u00e7\u00e3o da Resolu\u00e7\u00e3o 78\/227 da Assembleia Geral sobre \u2018Igualdade de Acesso \u00e0 Justi\u00e7a para Todos\u2019\u201d, organizado pela representa\u00e7\u00e3o permanente do Brasil junto ao Escrit\u00f3rio das Na\u00e7\u00f5es Unidas e outros Organismos Internacionais em Viena. Esse espa\u00e7o de di\u00e1logo abordou os desafios globais e as oportunidades para garantir a igualdade no acesso \u00e0 justi\u00e7a para todos.<\/p>\n<p>Durante esse evento paralelo, foi anunciado oficialmente que o Brasil assumir\u00e1 a presid\u00eancia do Programa Ibero-americano de Acesso \u00e0 Justi\u00e7a (PIAJ), o que representa um passo importante para fortalecer a lideran\u00e7a regional nesse \u00e2mbito.<\/p>\n<p>Al\u00e9m disso, Jos\u00e9 Ram\u00f3n Ant\u00f3n, representando a Unidade T\u00e9cnica do PIAJ, acompanhando a Secret\u00e1ria Nacional de Acesso \u00e0 Justi\u00e7a do Minist\u00e9rio da Justi\u00e7a e Seguran\u00e7a P\u00fablica do Brasil, Sheila Carvalho, apresentou a Conven\u00e7\u00e3o Ibero-americana de Acesso \u00e0 Justi\u00e7a (CIAJ).<\/p>\n<p>Essa conven\u00e7\u00e3o, que est\u00e1 sendo desenvolvida sob a lideran\u00e7a da COMJIB, ser\u00e1 a primeira conven\u00e7\u00e3o internacional dedicada especificamente ao acesso \u00e0 justi\u00e7a como um direito humano. Durante a apresenta\u00e7\u00e3o, destacou-se que essa iniciativa surge a partir de uma demanda crescente na regi\u00e3o ibero-americana por consolidar um marco jur\u00eddico que garanta n\u00e3o apenas a igualdade formal, mas tamb\u00e9m a igualdade substantiva no acesso \u00e0 justi\u00e7a.<\/p>\n","protected":false},"excerpt":{"rendered":"<p>A Confer\u00eancia de Ministros da Justi\u00e7a dos Pa\u00edses Ibero-americanos (COMJIB) participou da 34\u00aa Sess\u00e3o da Comiss\u00e3o de Preven\u00e7\u00e3o ao Crime e Justi\u00e7a Criminal do Escrit\u00f3rio das Na\u00e7\u00f5es Unidas sobre Drogas e Crime (UNODC), realizada em Viena, \u00c1ustria, nos dias 19 a 23 de maio. Esse importante encontro internacional reuniu representantes de diversos Estados-membros com o [&hellip;]<\/p>\n","protected":false},"author":34417,"featured_media":8133,"comment_status":"closed","ping_status":"closed","sticky":false,"template":"","format":"standard","meta":{"_et_pb_use_builder":"","_et_pb_old_content":"","_et_gb_content_width":"","footnotes":""},"categories":[116],"tags":[],"class_list":["post-8134","post","type-post","status-publish","format-standard","has-post-thumbnail","hentry","category-noticias-pt-pt-pt"],"_links":{"self":[{"href":"https:\/\/comjib.org\/pt-pt\/wp-json\/wp\/v2\/posts\/8134","targetHints":{"allow":["GET"]}}],"collection":[{"href":"https:\/\/comjib.org\/pt-pt\/wp-json\/wp\/v2\/posts"}],"about":[{"href":"https:\/\/comjib.org\/pt-pt\/wp-json\/wp\/v2\/types\/post"}],"author":[{"embeddable":true,"href":"https:\/\/comjib.org\/pt-pt\/wp-json\/wp\/v2\/users\/34417"}],"replies":[{"embeddable":true,"href":"https:\/\/comjib.org\/pt-pt\/wp-json\/wp\/v2\/comments?post=8134"}],"version-history":[{"count":1,"href":"https:\/\/comjib.org\/pt-pt\/wp-json\/wp\/v2\/posts\/8134\/revisions"}],"predecessor-version":[{"id":8135,"href":"https:\/\/comjib.org\/pt-pt\/wp-json\/wp\/v2\/posts\/8134\/revisions\/8135"}],"wp:featuredmedia":[{"embeddable":true,"href":"https:\/\/comjib.org\/pt-pt\/wp-json\/wp\/v2\/media\/8133"}],"wp:attachment":[{"href":"https:\/\/comjib.org\/pt-pt\/wp-json\/wp\/v2\/media?parent=8134"}],"wp:term":[{"taxonomy":"category","embeddable":true,"href":"https:\/\/comjib.org\/pt-pt\/wp-json\/wp\/v2\/categories?post=8134"},{"taxonomy":"post_tag","embeddable":true,"href":"https:\/\/comjib.org\/pt-pt\/wp-json\/wp\/v2\/tags?post=8134"}],"curies":[{"name":"wp","href":"https:\/\/api.w.org\/{rel}","templated":true}]}}