{"id":8125,"date":"2025-05-22T15:12:15","date_gmt":"2025-05-22T13:12:15","guid":{"rendered":"https:\/\/comjib.org\/?p=8125"},"modified":"2025-05-22T15:12:15","modified_gmt":"2025-05-22T13:12:15","slug":"a-comjib-participa-da-xxii-cupula-judicial-ibero-americana-em-santo-domingo","status":"publish","type":"post","link":"https:\/\/comjib.org\/pt-pt\/a-comjib-participa-da-xxii-cupula-judicial-ibero-americana-em-santo-domingo\/","title":{"rendered":"A COMJIB participa da XXII C\u00fapula Judicial Ibero-americana em Santo Domingo"},"content":{"rendered":"<p>A Confer\u00eancia de Ministros da Justi\u00e7a dos Pa\u00edses Ibero-americanos (COMJIB) participou da <strong>XXII C\u00fapula Judicial Ibero-americana<\/strong>, realizada em <strong>Santo Domingo (Rep\u00fablica Dominicana)<\/strong>, representada por seu Coordenador-Geral, <strong>Marco Fandi\u00f1o Castro<\/strong>. A C\u00fapula reuniu autoridades judiciais e representantes institucionais de toda a Ibero-Am\u00e9rica com o objetivo de promover o fortalecimento do Estado de Direito, a coopera\u00e7\u00e3o jur\u00eddica e o acesso efetivo \u00e0 justi\u00e7a.<\/p>\n<p>O encontro ocorreu nos dias <strong>15 e 16 de maio de 2024<\/strong> e, durante sua realiza\u00e7\u00e3o, foi oficializada a <strong>transfer\u00eancia da Secretaria-Geral Pro Tempore ao Superior Tribunal de Justi\u00e7a do Brasil<\/strong>, que ser\u00e1 respons\u00e1vel por organizar a pr\u00f3xima edi\u00e7\u00e3o do f\u00f3rum em 2027. Tamb\u00e9m foi confirmado que o <strong>Poder Judici\u00e1rio do Uruguai<\/strong> continuar\u00e1 exercendo a <strong>Secretaria Permanente<\/strong> pelos pr\u00f3ximos quatro anos, assegurando a continuidade dos trabalhos institucionais. Al\u00e9m disso, foram renovados os integrantes das <strong>Comiss\u00f5es de trabalho<\/strong>, marcando uma nova etapa na elabora\u00e7\u00e3o de propostas t\u00e9cnicas e no acompanhamento das prioridades do organismo.<\/p>\n<p>Um dos marcos mais relevantes foi a sess\u00e3o da <strong>Comiss\u00e3o de Acompanhamento das Regras de Bras\u00edlia<\/strong>, na qual foi concedido <strong>apoio un\u00e2nime ao Conv\u00eanio Ibero-americano de Acesso \u00e0 Justi\u00e7a (CIAJ)<\/strong>. Essa proposta, promovida pela COMJIB em articula\u00e7\u00e3o com diversos atores regionais, busca conferir <strong>car\u00e1ter vinculativo<\/strong> \u00e0s Regras de Bras\u00edlia, consolidando um marco normativo s\u00f3lido para garantir o acesso \u00e0 justi\u00e7a, especialmente \u00e0s pessoas em situa\u00e7\u00e3o de vulnerabilidade. O apoio dos pa\u00edses participantes refor\u00e7a o compromisso da regi\u00e3o com uma justi\u00e7a mais inclusiva, equitativa e centrada nas pessoas.<\/p>\n<p>No \u00e2mbito de sua visita institucional, o Coordenador-Geral da COMJIB reuniu-se com a <strong>Procuradora-Geral da Rep\u00fablica Dominicana<\/strong>, <strong>Sra. Yeni Berenice Reynoso<\/strong>, e com o <strong>Coordenador Nacional da COMJIB no pa\u00eds<\/strong>, <strong>Sr. Rodolfo Espi\u00f1eira<\/strong>. Durante o encontro, foram abordados temas centrais para a agenda da COMJIB, como a <strong>ratifica\u00e7\u00e3o, por parte do Estado dominicano, de tratados internacionais<\/strong> dos quais a organiza\u00e7\u00e3o atua como <strong>deposit\u00e1ria<\/strong>. A reuni\u00e3o reafirmou a vontade de continuar estreitando os la\u00e7os de coopera\u00e7\u00e3o entre as institui\u00e7\u00f5es nacionais e a COMJIB.<\/p>\n<p>A Procuradora-Geral integra a COMJIB por exercer atribui\u00e7\u00f5es equivalentes \u00e0s de um Minist\u00e9rio da Justi\u00e7a, o que refor\u00e7a o car\u00e1ter plural e representativo do organismo. A participa\u00e7\u00e3o da COMJIB na C\u00fapula reafirma seu <strong>compromisso com o Espa\u00e7o Jur\u00eddico Ibero-americano<\/strong> e com o desenvolvimento de <strong>iniciativas conjuntas que fortale\u00e7am o acesso \u00e0 justi\u00e7a, a coopera\u00e7\u00e3o internacional e o respeito aos direitos fundamentais<\/strong>.<\/p>\n","protected":false},"excerpt":{"rendered":"<p>A Confer\u00eancia de Ministros da Justi\u00e7a dos Pa\u00edses Ibero-americanos (COMJIB) participou da XXII C\u00fapula Judicial Ibero-americana, realizada em Santo Domingo (Rep\u00fablica Dominicana), representada por seu Coordenador-Geral, Marco Fandi\u00f1o Castro. A C\u00fapula reuniu autoridades judiciais e representantes institucionais de toda a Ibero-Am\u00e9rica com o objetivo de promover o fortalecimento do Estado de Direito, a coopera\u00e7\u00e3o jur\u00eddica [&hellip;]<\/p>\n","protected":false},"author":34417,"featured_media":8123,"comment_status":"closed","ping_status":"closed","sticky":false,"template":"","format":"standard","meta":{"_et_pb_use_builder":"","_et_pb_old_content":"","_et_gb_content_width":"","footnotes":""},"categories":[116],"tags":[],"class_list":["post-8125","post","type-post","status-publish","format-standard","has-post-thumbnail","hentry","category-noticias-pt-pt-pt"],"_links":{"self":[{"href":"https:\/\/comjib.org\/pt-pt\/wp-json\/wp\/v2\/posts\/8125","targetHints":{"allow":["GET"]}}],"collection":[{"href":"https:\/\/comjib.org\/pt-pt\/wp-json\/wp\/v2\/posts"}],"about":[{"href":"https:\/\/comjib.org\/pt-pt\/wp-json\/wp\/v2\/types\/post"}],"author":[{"embeddable":true,"href":"https:\/\/comjib.org\/pt-pt\/wp-json\/wp\/v2\/users\/34417"}],"replies":[{"embeddable":true,"href":"https:\/\/comjib.org\/pt-pt\/wp-json\/wp\/v2\/comments?post=8125"}],"version-history":[{"count":1,"href":"https:\/\/comjib.org\/pt-pt\/wp-json\/wp\/v2\/posts\/8125\/revisions"}],"predecessor-version":[{"id":8126,"href":"https:\/\/comjib.org\/pt-pt\/wp-json\/wp\/v2\/posts\/8125\/revisions\/8126"}],"wp:featuredmedia":[{"embeddable":true,"href":"https:\/\/comjib.org\/pt-pt\/wp-json\/wp\/v2\/media\/8123"}],"wp:attachment":[{"href":"https:\/\/comjib.org\/pt-pt\/wp-json\/wp\/v2\/media?parent=8125"}],"wp:term":[{"taxonomy":"category","embeddable":true,"href":"https:\/\/comjib.org\/pt-pt\/wp-json\/wp\/v2\/categories?post=8125"},{"taxonomy":"post_tag","embeddable":true,"href":"https:\/\/comjib.org\/pt-pt\/wp-json\/wp\/v2\/tags?post=8125"}],"curies":[{"name":"wp","href":"https:\/\/api.w.org\/{rel}","templated":true}]}}