{"id":8065,"date":"2025-04-24T18:15:19","date_gmt":"2025-04-24T16:15:19","guid":{"rendered":"https:\/\/comjib.org\/?p=8065"},"modified":"2025-04-24T18:16:45","modified_gmt":"2025-04-24T16:16:45","slug":"ja-esta-disponivel-em-formato-digital-o-influente-livro-sobre-justica-transicional-passado-presente-e-futuro-da-justica-transicional","status":"publish","type":"post","link":"https:\/\/comjib.org\/pt-pt\/ja-esta-disponivel-em-formato-digital-o-influente-livro-sobre-justica-transicional-passado-presente-e-futuro-da-justica-transicional\/","title":{"rendered":"J\u00e1 est\u00e1 dispon\u00edvel em formato digital o influente livro sobre justi\u00e7a transicional \u201cPassado, presente e futuro da Justi\u00e7a Transicional\u201d"},"content":{"rendered":"<p><a href=\"https:\/\/www.fundacionnotariado.org\/libro\/pasado-presente-y-futuro-de-la-justicia-transicional\/#p=1\"><img loading=\"lazy\" decoding=\"async\" class=\"alignnone wp-image-8078 size-medium\" src=\"https:\/\/comjib.org\/wp-content\/uploads\/2025\/04\/Botones-COMJIB.pdf-1-300x85.png\" alt=\"\" width=\"300\" height=\"85\" \/><\/a><\/p>\n<p>A Confer\u00eancia de Ministros da Justi\u00e7a dos Pa\u00edses Ibero-americanos (COMJIB) tem a honra de anunciar que j\u00e1 est\u00e1 dispon\u00edvel em <strong>formato digital<\/strong> o livro <em>\u201cPassado, presente e futuro da Justi\u00e7a Transicional\u201d<\/em>, uma obra de grande impacto e influ\u00eancia tanto no espa\u00e7o ibero-americano quanto no debate internacional sobre justi\u00e7a, mem\u00f3ria e reconcilia\u00e7\u00e3o.<\/p>\n<p>Este livro, que agora pode ser <strong>lido online gratuitamente em sua vers\u00e3o em espanhol<\/strong>, oferece uma vis\u00e3o profunda, cr\u00edtica e comprometida sobre os desafios que nossas sociedades enfrentam ao lidar com as feridas do passado com verdade, justi\u00e7a e dignidade.<\/p>\n<p>Fruto da colabora\u00e7\u00e3o entre a COMJIB, o <strong>Conselho Geral do Notariado da Espanha<\/strong> e a <strong>Funda\u00e7\u00e3o Notariado<\/strong>, esta publica\u00e7\u00e3o re\u00fane vozes reconhecidas e respeitadas nos \u00e2mbitos jur\u00eddico, pol\u00edtico e acad\u00eamico. Entre elas destacam-se o <strong>ex-presidente da Col\u00f4mbia e Pr\u00eamio Nobel da Paz, Juan Manuel Santos<\/strong>, e o <strong>Papa Francisco<\/strong>, cujas palavras trazem uma perspetiva \u00e9tica, pol\u00edtica e espiritual sobre os processos de justi\u00e7a transicional.<\/p>\n<p>Juntam-se a essas figuras importantes especialistas ibero-americanos, cujas reflex\u00f5es enriquecem o debate com pontos de vista diversos e complementares. Ao longo de suas p\u00e1ginas, a obra aborda temas fundamentais como mecanismos de verdade, repara\u00e7\u00e3o integral \u00e0s v\u00edtimas, justi\u00e7a restaurativa, mem\u00f3ria hist\u00f3rica e garantias de n\u00e3o repeti\u00e7\u00e3o. Mais do que um livro t\u00e9cnico, trata-se de um convite ao compromisso coletivo com a constru\u00e7\u00e3o de sociedades mais justas, inclusivas e pac\u00edficas.<\/p>\n<p>O livro foi apresentado em tr\u00eas eventos de alto n\u00edvel:<\/p>\n<ul>\n<li>Em Madrid, na sede do Conselho Geral do Notariado da Espanha.<\/li>\n<li>Em Bogot\u00e1, na Universidade Nacional da Col\u00f4mbia, com a participa\u00e7\u00e3o da Ministra da Justi\u00e7a da Col\u00f4mbia e do Presidente da JEP.<\/li>\n<li>E em maio, ser\u00e1 realizado um novo lan\u00e7amento em Nova Iorque, que marcar\u00e1 tamb\u00e9m a apresenta\u00e7\u00e3o da vers\u00e3o em ingl\u00eas, com o objetivo de ampliar seu alcance e levar sua mensagem a p\u00fablicos de todo o mundo.<\/li>\n<\/ul>\n<p><strong>Convidamos voc\u00ea a mergulhar na leitura, deixar-se tocar pelas reflex\u00f5es e compartilh\u00e1-lo.<\/strong><br \/>\nEsta obra \u00e9 uma ferramenta poderosa para quem acredita em uma justi\u00e7a transformadora e na constru\u00e7\u00e3o de uma paz duradoura com mem\u00f3ria.<\/p>\n","protected":false},"excerpt":{"rendered":"<p>A Confer\u00eancia de Ministros da Justi\u00e7a dos Pa\u00edses Ibero-americanos (COMJIB) tem a honra de anunciar que j\u00e1 est\u00e1 dispon\u00edvel em formato digital o livro \u201cPassado, presente e futuro da Justi\u00e7a Transicional\u201d, uma obra de grande impacto e influ\u00eancia tanto no espa\u00e7o ibero-americano quanto no debate internacional sobre justi\u00e7a, mem\u00f3ria e reconcilia\u00e7\u00e3o. Este livro, que agora [&hellip;]<\/p>\n","protected":false},"author":34417,"featured_media":8076,"comment_status":"closed","ping_status":"closed","sticky":false,"template":"","format":"standard","meta":{"_et_pb_use_builder":"","_et_pb_old_content":"","_et_gb_content_width":"","footnotes":""},"categories":[116],"tags":[],"class_list":["post-8065","post","type-post","status-publish","format-standard","has-post-thumbnail","hentry","category-noticias-pt-pt-pt"],"_links":{"self":[{"href":"https:\/\/comjib.org\/pt-pt\/wp-json\/wp\/v2\/posts\/8065","targetHints":{"allow":["GET"]}}],"collection":[{"href":"https:\/\/comjib.org\/pt-pt\/wp-json\/wp\/v2\/posts"}],"about":[{"href":"https:\/\/comjib.org\/pt-pt\/wp-json\/wp\/v2\/types\/post"}],"author":[{"embeddable":true,"href":"https:\/\/comjib.org\/pt-pt\/wp-json\/wp\/v2\/users\/34417"}],"replies":[{"embeddable":true,"href":"https:\/\/comjib.org\/pt-pt\/wp-json\/wp\/v2\/comments?post=8065"}],"version-history":[{"count":6,"href":"https:\/\/comjib.org\/pt-pt\/wp-json\/wp\/v2\/posts\/8065\/revisions"}],"predecessor-version":[{"id":8086,"href":"https:\/\/comjib.org\/pt-pt\/wp-json\/wp\/v2\/posts\/8065\/revisions\/8086"}],"wp:featuredmedia":[{"embeddable":true,"href":"https:\/\/comjib.org\/pt-pt\/wp-json\/wp\/v2\/media\/8076"}],"wp:attachment":[{"href":"https:\/\/comjib.org\/pt-pt\/wp-json\/wp\/v2\/media?parent=8065"}],"wp:term":[{"taxonomy":"category","embeddable":true,"href":"https:\/\/comjib.org\/pt-pt\/wp-json\/wp\/v2\/categories?post=8065"},{"taxonomy":"post_tag","embeddable":true,"href":"https:\/\/comjib.org\/pt-pt\/wp-json\/wp\/v2\/tags?post=8065"}],"curies":[{"name":"wp","href":"https:\/\/api.w.org\/{rel}","templated":true}]}}