{"id":8057,"date":"2025-04-24T14:55:12","date_gmt":"2025-04-24T12:55:12","guid":{"rendered":"https:\/\/comjib.org\/?p=8057"},"modified":"2025-04-24T14:55:12","modified_gmt":"2025-04-24T12:55:12","slug":"comjib-e-iberred-realizam-sessao-informativa-virtual-sobre-o-tratado-de-medellin-com-as-autoridades-centrais-dos-oito-paises-ibero-americanos-que-sao-parte-do-tratado","status":"publish","type":"post","link":"https:\/\/comjib.org\/pt-pt\/comjib-e-iberred-realizam-sessao-informativa-virtual-sobre-o-tratado-de-medellin-com-as-autoridades-centrais-dos-oito-paises-ibero-americanos-que-sao-parte-do-tratado\/","title":{"rendered":"COMJIB e IberRed realizam sess\u00e3o informativa virtual sobre o Tratado de Medell\u00edn com as Autoridades Centrais dos oito pa\u00edses ibero-americanos que s\u00e3o Parte do Tratado"},"content":{"rendered":"<p>No \u00faltimo dia 9 de abril, a Confer\u00eancia de Ministros da Justi\u00e7a dos Pa\u00edses Ibero-americanos (COMJIB) e a Rede Ibero-americana de Coopera\u00e7\u00e3o Jur\u00eddica Internacional (IberRed) organizaram de forma virtual uma Sess\u00e3o Informativa sobre o Tratado de Medell\u00edn, reunindo 12 autoridades centrais de 8 Estados Parte, em um espa\u00e7o de di\u00e1logo, forma\u00e7\u00e3o e fortalecimento de capacidades para a coopera\u00e7\u00e3o jur\u00eddica internacional na regi\u00e3o.<\/p>\n<p>A abertura do evento foi conduzida pelo <strong>Secret\u00e1rio-Geral da COMJIB, Enrique Gil Botero<\/strong>, que destacou o papel fundamental do <strong>Tratado de Medell\u00edn<\/strong> como ferramenta para agilizar e modernizar a coopera\u00e7\u00e3o jur\u00eddica entre as autoridades competentes. Em sua interven\u00e7\u00e3o, sublinhou a import\u00e2ncia do uso da plataforma digital <strong>Iber@<\/strong> como um ambiente seguro, \u00e1gil e confi\u00e1vel para a tramita\u00e7\u00e3o de pedidos jur\u00eddicos internacionais, ressaltando seu potencial para transformar a forma como os Estados Parte colaboram na \u00e1rea da justi\u00e7a.<\/p>\n<p>A jornada seguiu com a interven\u00e7\u00e3o de <strong>Marco Fandi\u00f1o Castro<\/strong>, Coordenador-Geral da COMJIB e da IberRed, que apresentou o marco normativo e o estado atual de implementa\u00e7\u00e3o do Tratado de Medell\u00edn, destacando suas principais caracter\u00edsticas, vantagens e o impacto positivo que vem gerando no fortalecimento da coopera\u00e7\u00e3o jur\u00eddica internacional na Ibero-Am\u00e9rica.<\/p>\n<p>Em seguida, <strong>Miguel \u00c1ngel Molinero<\/strong>, respons\u00e1vel pela IberRed no Centro Tecnol\u00f3gico do Notariado Espanhol, realizou uma demonstra\u00e7\u00e3o pr\u00e1tica do uso da plataforma Iber@, por meio de uma simula\u00e7\u00e3o de envio de um pedido entre autoridades centrais, o que permitiu aos participantes compreender de forma pr\u00e1tica o funcionamento dessa ferramenta digital e sua aplica\u00e7\u00e3o em casos reais.<\/p>\n<p>Esse encontro virtual promoveu a troca de boas pr\u00e1ticas, solucionou d\u00favidas operacionais e avan\u00e7ou na consolida\u00e7\u00e3o de uma rede de coopera\u00e7\u00e3o jur\u00eddica digital mais eficiente e acess\u00edvel. Al\u00e9m disso, refor\u00e7ou o compromisso compartilhado pelos Estados Parte na promo\u00e7\u00e3o de uma justi\u00e7a moderna, baseada em ferramentas tecnol\u00f3gicas e em processos mais eficazes.<\/p>\n<p>O <strong>Tratado de Medell\u00edn<\/strong>, adotado em 2019 e j\u00e1 em vigor para <strong>Andorra, Cuba, Espanha, Uruguai, Paraguai, Portugal, Col\u00f4mbia e Chile<\/strong>, constitui o primeiro tratado ibero-americano que promove o uso de meios eletr\u00f4nicos seguros para a coopera\u00e7\u00e3o jur\u00eddica internacional.<\/p>\n<p>Com esta sess\u00e3o, a <strong>COMJIB<\/strong> e a <strong>IberRed<\/strong> reafirmam seu compromisso com o impulso da <strong>Justi\u00e7a Digital<\/strong> e com a consolida\u00e7\u00e3o de uma <strong>Ibero-Am\u00e9rica mais interconectada, solid\u00e1ria e eficiente na administra\u00e7\u00e3o da justi\u00e7a<\/strong>.<\/p>\n","protected":false},"excerpt":{"rendered":"<p>No \u00faltimo dia 9 de abril, a Confer\u00eancia de Ministros da Justi\u00e7a dos Pa\u00edses Ibero-americanos (COMJIB) e a Rede Ibero-americana de Coopera\u00e7\u00e3o Jur\u00eddica Internacional (IberRed) organizaram de forma virtual uma Sess\u00e3o Informativa sobre o Tratado de Medell\u00edn, reunindo 12 autoridades centrais de 8 Estados Parte, em um espa\u00e7o de di\u00e1logo, forma\u00e7\u00e3o e fortalecimento de capacidades [&hellip;]<\/p>\n","protected":false},"author":34417,"featured_media":8074,"comment_status":"closed","ping_status":"closed","sticky":false,"template":"","format":"standard","meta":{"_et_pb_use_builder":"","_et_pb_old_content":"","_et_gb_content_width":"","footnotes":""},"categories":[116],"tags":[],"class_list":["post-8057","post","type-post","status-publish","format-standard","has-post-thumbnail","hentry","category-noticias-pt-pt-pt"],"_links":{"self":[{"href":"https:\/\/comjib.org\/pt-pt\/wp-json\/wp\/v2\/posts\/8057","targetHints":{"allow":["GET"]}}],"collection":[{"href":"https:\/\/comjib.org\/pt-pt\/wp-json\/wp\/v2\/posts"}],"about":[{"href":"https:\/\/comjib.org\/pt-pt\/wp-json\/wp\/v2\/types\/post"}],"author":[{"embeddable":true,"href":"https:\/\/comjib.org\/pt-pt\/wp-json\/wp\/v2\/users\/34417"}],"replies":[{"embeddable":true,"href":"https:\/\/comjib.org\/pt-pt\/wp-json\/wp\/v2\/comments?post=8057"}],"version-history":[{"count":3,"href":"https:\/\/comjib.org\/pt-pt\/wp-json\/wp\/v2\/posts\/8057\/revisions"}],"predecessor-version":[{"id":8070,"href":"https:\/\/comjib.org\/pt-pt\/wp-json\/wp\/v2\/posts\/8057\/revisions\/8070"}],"wp:featuredmedia":[{"embeddable":true,"href":"https:\/\/comjib.org\/pt-pt\/wp-json\/wp\/v2\/media\/8074"}],"wp:attachment":[{"href":"https:\/\/comjib.org\/pt-pt\/wp-json\/wp\/v2\/media?parent=8057"}],"wp:term":[{"taxonomy":"category","embeddable":true,"href":"https:\/\/comjib.org\/pt-pt\/wp-json\/wp\/v2\/categories?post=8057"},{"taxonomy":"post_tag","embeddable":true,"href":"https:\/\/comjib.org\/pt-pt\/wp-json\/wp\/v2\/tags?post=8057"}],"curies":[{"name":"wp","href":"https:\/\/api.w.org\/{rel}","templated":true}]}}