{"id":7884,"date":"2025-03-19T18:31:26","date_gmt":"2025-03-19T17:31:26","guid":{"rendered":"https:\/\/comjib.org\/?p=7884"},"modified":"2025-03-19T18:31:26","modified_gmt":"2025-03-19T17:31:26","slug":"el-salvador-deposita-na-comjib-o-instrumento-de-ratificacao-da-convencao-ibero-americana-sobre-a-utilizacao-da-videoconferencia-na-cooperacao-internacional-entre-sistemas-de-justica","status":"publish","type":"post","link":"https:\/\/comjib.org\/pt-pt\/el-salvador-deposita-na-comjib-o-instrumento-de-ratificacao-da-convencao-ibero-americana-sobre-a-utilizacao-da-videoconferencia-na-cooperacao-internacional-entre-sistemas-de-justica\/","title":{"rendered":"El Salvador deposita na COMJIB o instrumento de ratifica\u00e7\u00e3o da Conven\u00e7\u00e3o Ibero-Americana sobre a utiliza\u00e7\u00e3o da videoconfer\u00eancia na coopera\u00e7\u00e3o internacional entre sistemas de justi\u00e7a"},"content":{"rendered":"<p><strong>Madrid, 12 de mar\u00e7o de 2025<\/strong> &#8211; A Confer\u00eancia dos Ministros da Justi\u00e7a dos Pa\u00edses Ibero-Americanos (COMJIB) recebeu o Embaixador de El Salvador, Joaqu\u00edn Alexander Maza Martelli, que formalizou o dep\u00f3sito do instrumento de ratifica\u00e7\u00e3o da Conven\u00e7\u00e3o Ibero-Americana sobre a Utiliza\u00e7\u00e3o da Videoconfer\u00eancia na Coopera\u00e7\u00e3o Internacional entre Sistemas de Justi\u00e7a e o seu Protocolo Adicional.<\/p>\n<p>Esta Conven\u00e7\u00e3o, assinada em dezembro de 2024, estabelece um quadro normativo para a realiza\u00e7\u00e3o de processos judiciais internacionais por videoconfer\u00eancia, refor\u00e7ando a coopera\u00e7\u00e3o judicial entre os Estados ibero-americanos. A ratifica\u00e7\u00e3o de El Salvador representa um passo importante para a moderniza\u00e7\u00e3o do seu sistema judicial e para a digitaliza\u00e7\u00e3o dos processos de coopera\u00e7\u00e3o internacional.<\/p>\n<p><strong>A videoconfer\u00eancia como instrumento de coopera\u00e7\u00e3o judici\u00e1ria<\/strong><br \/>\nA utiliza\u00e7\u00e3o da videoconfer\u00eancia demonstrou ser uma solu\u00e7\u00e3o eficaz para facilitar a coopera\u00e7\u00e3o judici\u00e1ria internacional, permitindo a participa\u00e7\u00e3o \u00e0 dist\u00e2ncia de ju\u00edzes, procuradores, advogados e testemunhas sem necessidade de desloca\u00e7\u00e3o f\u00edsica. A sua aplica\u00e7\u00e3o revelou-se fundamental em processos penais, na luta contra a criminalidade organizada e na prote\u00e7\u00e3o de testemunhas, bem como em processos civis e administrativos.<\/p>\n<p>A conven\u00e7\u00e3o estabelece normas para garantir a seguran\u00e7a jur\u00eddica na sua aplica\u00e7\u00e3o, assegurando que as audi\u00eancias e os processos judiciais sejam conduzidos de forma eficaz e com todas as garantias processuais.<\/p>\n<p><strong>Principais disposi\u00e7\u00f5es da conven\u00e7\u00e3o e do seu protocolo adicional<\/strong><br \/>\nA conven\u00e7\u00e3o regula a utiliza\u00e7\u00e3o da videoconfer\u00eancia nos processos judiciais internacionais e estabelece mecanismos para a sua aplica\u00e7\u00e3o. As suas principais disposi\u00e7\u00f5es incluem:<\/p>\n<ul>\n<li>Condi\u00e7\u00f5es de autoriza\u00e7\u00e3o e de utiliza\u00e7\u00e3o da videoconfer\u00eancia nos processos judiciais transnacionais.<\/li>\n<li>Medidas de seguran\u00e7a e prote\u00e7\u00e3o de dados para garantir a integridade das comunica\u00e7\u00f5es.<\/li>\n<li>Procedimentos para a transmiss\u00e3o e tratamento de pedidos entre Estados Partes.<\/li>\n<li>Regime lingu\u00edstico e partilha de custos, que s\u00e3o abordados no Protocolo Adicional.<\/li>\n<\/ul>\n<p>Este quadro comum facilita a coopera\u00e7\u00e3o entre os pa\u00edses ibero-americanos e reduz as barreiras operacionais na tramita\u00e7\u00e3o dos processos internacionais.<\/p>\n<p><strong>Impacto da ratifica\u00e7\u00e3o em El Salvador<\/strong><br \/>\nCom a ratifica\u00e7\u00e3o desta conven\u00e7\u00e3o, El Salvador refor\u00e7a a sua capacidade de coopera\u00e7\u00e3o judici\u00e1ria e facilita a realiza\u00e7\u00e3o de audi\u00eancias e processos transfronteiri\u00e7os de forma \u00e1gil e segura. Entre os benef\u00edcios mais relevantes est\u00e3o<\/p>\n<ul>\n<li>Maior efici\u00eancia na gest\u00e3o dos processos judiciais internacionais, optimizando tempo e recursos.<\/li>\n<li>Redu\u00e7\u00e3o dos custos operacionais, minimizando a necessidade de transfer\u00eancias f\u00edsicas.<\/li>\n<li>Prote\u00e7\u00e3o de testemunhas e v\u00edtimas, garantindo a sua seguran\u00e7a nos processos judiciais.<\/li>\n<li>Melhoria da coopera\u00e7\u00e3o com outros Estados, facilitando a tramita\u00e7\u00e3o de extradi\u00e7\u00f5es, assist\u00eancia jur\u00eddica m\u00fatua e outros processos internacionais.<\/li>\n<\/ul>\n<p><strong>Perspetiva da COMJIB e pr\u00f3ximas medidas<\/strong><br \/>\nA COMJIB sublinhou a import\u00e2ncia deste acordo para a consolida\u00e7\u00e3o de um sistema de justi\u00e7a digital na Ibero-Am\u00e9rica. A ades\u00e3o de El Salvador refor\u00e7a a coopera\u00e7\u00e3o regional e facilita a ado\u00e7\u00e3o da videoconfer\u00eancia como instrumento habitual nos processos judiciais internacionais.<\/p>\n<p>A implementa\u00e7\u00e3o do acordo exigir\u00e1 esfor\u00e7os coordenados entre os Estados partes, incluindo a adapta\u00e7\u00e3o das regulamenta\u00e7\u00f5es internas e a forma\u00e7\u00e3o dos operadores judiciais na utiliza\u00e7\u00e3o desta tecnologia. Espera-se tamb\u00e9m que mais pa\u00edses continuem a avan\u00e7ar com a ratifica\u00e7\u00e3o, de modo a consolidar a videoconfer\u00eancia como um mecanismo eficaz de coopera\u00e7\u00e3o internacional.<\/p>\n<p>Para mais informa\u00e7\u00f5es sobre o conv\u00eanio e suas implica\u00e7\u00f5es, convida-se a consultar os documentos oficiais dispon\u00edveis na se\u00e7\u00e3o de <strong>Tratados<\/strong> do site da COMJIB.<\/p>\n<p>&nbsp;<\/p>\n","protected":false},"excerpt":{"rendered":"<p>Madrid, 12 de mar\u00e7o de 2025 &#8211; A Confer\u00eancia dos Ministros da Justi\u00e7a dos Pa\u00edses Ibero-Americanos (COMJIB) recebeu o Embaixador de El Salvador, Joaqu\u00edn Alexander Maza Martelli, que formalizou o dep\u00f3sito do instrumento de ratifica\u00e7\u00e3o da Conven\u00e7\u00e3o Ibero-Americana sobre a Utiliza\u00e7\u00e3o da Videoconfer\u00eancia na Coopera\u00e7\u00e3o Internacional entre Sistemas de Justi\u00e7a e o seu Protocolo Adicional. [&hellip;]<\/p>\n","protected":false},"author":34417,"featured_media":7972,"comment_status":"closed","ping_status":"closed","sticky":false,"template":"","format":"standard","meta":{"_et_pb_use_builder":"","_et_pb_old_content":"","_et_gb_content_width":"","footnotes":""},"categories":[116],"tags":[],"class_list":["post-7884","post","type-post","status-publish","format-standard","has-post-thumbnail","hentry","category-noticias-pt-pt-pt"],"_links":{"self":[{"href":"https:\/\/comjib.org\/pt-pt\/wp-json\/wp\/v2\/posts\/7884","targetHints":{"allow":["GET"]}}],"collection":[{"href":"https:\/\/comjib.org\/pt-pt\/wp-json\/wp\/v2\/posts"}],"about":[{"href":"https:\/\/comjib.org\/pt-pt\/wp-json\/wp\/v2\/types\/post"}],"author":[{"embeddable":true,"href":"https:\/\/comjib.org\/pt-pt\/wp-json\/wp\/v2\/users\/34417"}],"replies":[{"embeddable":true,"href":"https:\/\/comjib.org\/pt-pt\/wp-json\/wp\/v2\/comments?post=7884"}],"version-history":[{"count":1,"href":"https:\/\/comjib.org\/pt-pt\/wp-json\/wp\/v2\/posts\/7884\/revisions"}],"predecessor-version":[{"id":7885,"href":"https:\/\/comjib.org\/pt-pt\/wp-json\/wp\/v2\/posts\/7884\/revisions\/7885"}],"wp:featuredmedia":[{"embeddable":true,"href":"https:\/\/comjib.org\/pt-pt\/wp-json\/wp\/v2\/media\/7972"}],"wp:attachment":[{"href":"https:\/\/comjib.org\/pt-pt\/wp-json\/wp\/v2\/media?parent=7884"}],"wp:term":[{"taxonomy":"category","embeddable":true,"href":"https:\/\/comjib.org\/pt-pt\/wp-json\/wp\/v2\/categories?post=7884"},{"taxonomy":"post_tag","embeddable":true,"href":"https:\/\/comjib.org\/pt-pt\/wp-json\/wp\/v2\/tags?post=7884"}],"curies":[{"name":"wp","href":"https:\/\/api.w.org\/{rel}","templated":true}]}}