{"id":7859,"date":"2025-03-19T18:20:08","date_gmt":"2025-03-19T17:20:08","guid":{"rendered":"https:\/\/comjib.org\/?p=7859"},"modified":"2025-03-19T18:20:08","modified_gmt":"2025-03-19T17:20:08","slug":"a-comjib-lidera-o-lancamento-de-um-livro-fundamental-para-a-justica-de-transicao-na-america-latina","status":"publish","type":"post","link":"https:\/\/comjib.org\/pt-pt\/a-comjib-lidera-o-lancamento-de-um-livro-fundamental-para-a-justica-de-transicao-na-america-latina\/","title":{"rendered":"A COMJIB lidera o lan\u00e7amento de um livro fundamental para a Justi\u00e7a de Transi\u00e7\u00e3o na Am\u00e9rica Latina"},"content":{"rendered":"<p>No passado dia 25 de fevereiro, a Confer\u00eancia dos Ministros da Justi\u00e7a dos Pa\u00edses Ibero-Americanos (COMJIB) reafirmou o seu compromisso com a justi\u00e7a e a paz na Am\u00e9rica Latina durante o lan\u00e7amento do livro <em>\u201cPasado, presente y futuro de la Justicia Transicional: la experiencia latinoamericana en la construcci\u00f3n de la paz mundial\u201d.<\/em> Este importante evento, que teve lugar na Universidade Nacional da Col\u00f4mbia, contou com a presen\u00e7a do Secret\u00e1rio-Geral da COMJIB, Enrique Gil Botero, do Ministro da Justi\u00e7a colombiano e do Presidente da JEP, entre outras personalidades jur\u00eddicas de relevo.<\/p>\n<p><strong>Um livro necess\u00e1rio em tempos de crise<\/strong><\/p>\n<p>O mundo enfrenta atualmente um cen\u00e1rio de conflito, instabilidade e crise humanit\u00e1ria. Neste contexto, a justi\u00e7a transicional apresenta-se como uma ferramenta fundamental para a reconcilia\u00e7\u00e3o, a prote\u00e7\u00e3o dos direitos humanos e a consolida\u00e7\u00e3o da paz.<\/p>\n<p>Tal como o Secret\u00e1rio-Geral da COMJIB, Enrique Gil Botero, afirmou no seu discurso:<\/p>\n<p>\u201cA justi\u00e7a de transi\u00e7\u00e3o \u00e9 o \u00fanico caminho a seguir face a um mundo que est\u00e1 a arder em chamas\u201d.<\/p>\n<p>E sublinhou ainda que:<\/p>\n<p>\u201cEste livro \u00e9 um grito na escurid\u00e3o, um apelo \u00e0 justi\u00e7a numa altura em que o mundo parece perder o rumo.\u201d<\/p>\n<p>Por sua vez, a Ministra da Justi\u00e7a da Col\u00f4mbia, \u00c1ngela Buitrago, apelou ao refor\u00e7o da Justi\u00e7a Especial para a Paz (JEP), sublinhando que:<\/p>\n<p>\u201cVamos apostar na JEP (&#8230;) os compromissos s\u00e3o complexos, mas n\u00e3o vamos ser inferiores\u201d.<\/p>\n<p>O livro, promovido pela COMJIB e pelos Minist\u00e9rios da Justi\u00e7a da Ibero-Am\u00e9rica, analisa o impacto da justi\u00e7a transicional na regi\u00e3o e a sua influ\u00eancia a n\u00edvel global. Por meio de uma abordagem de direito comparado, apresenta a evolu\u00e7\u00e3o desses mecanismos na Am\u00e9rica Latina, consolidando a regi\u00e3o como uma refer\u00eancia na \u00e1rea.<\/p>\n<p>O livro conta com a participa\u00e7\u00e3o de autores de v\u00e1rias nacionalidades, como Espanha, Peru, Argentina e Col\u00f4mbia, consolidando um esfor\u00e7o coletivo para a an\u00e1lise e aplica\u00e7\u00e3o da justi\u00e7a transicional no \u00e2mbito global. Inclui ainda um pref\u00e1cio do ex-presidente colombiano Juan Manuel Santos e uma mensagem especial do Papa Francisco, que contribuem com as suas reflex\u00f5es sobre a import\u00e2ncia deste tema no contexto atual.<\/p>\n<p><strong>Um evento marcante na reflex\u00e3o sobre a justi\u00e7a<\/strong><br \/>\nDurante o evento, os especialistas abordaram quest\u00f5es-chave, incluindo:<\/p>\n<ul>\n<li>Desafios normativos na implementa\u00e7\u00e3o da Justi\u00e7a Especial para a Paz (JEP) na Col\u00f4mbia.<\/li>\n<li>O Direito Penal Internacional e sua rela\u00e7\u00e3o com a Justi\u00e7a de Transi\u00e7\u00e3o, destacada no livro atrav\u00e9s do julgamento simb\u00f3lico de Salom\u00e3o.<\/li>\n<li>O papel da COMJIB e dos Minist\u00e9rios da Justi\u00e7a na promo\u00e7\u00e3o de modelos de justi\u00e7a inclusivos e efetivos.<\/li>\n<\/ul>\n<p>O Secret\u00e1rio-Geral da COMJIB, Enrique Gil Botero, destacou a relev\u00e2ncia desta obra como uma contribui\u00e7\u00e3o n\u00e3o s\u00f3 para a Col\u00f4mbia, mas para toda a Ibero-Am\u00e9rica, enfatizando que o direito e a cultura devem andar de m\u00e3os dadas na constru\u00e7\u00e3o da paz.<\/p>\n<p>O livro destaca como o direito e a cultura est\u00e3o intrinsecamente relacionados na busca da verdade, da justi\u00e7a, da repara\u00e7\u00e3o e da n\u00e3o repeti\u00e7\u00e3o, pilares fundamentais da justi\u00e7a transicional.<\/p>\n<p><strong>COMJIB, um pilar na transforma\u00e7\u00e3o da justi\u00e7a<\/strong><br \/>\nDesde a sua cria\u00e7\u00e3o, a COMJIB tem trabalhado ativamente para promover a justi\u00e7a, a coopera\u00e7\u00e3o jur\u00eddica e o fortalecimento do Estado de Direito nos pa\u00edses ibero-americanos. Este livro \u00e9 o reflexo do compromisso da organiza\u00e7\u00e3o com a constru\u00e7\u00e3o de sociedades mais justas e equitativas, apostando em modelos de justi\u00e7a que transcendem as fronteiras e se adaptam aos desafios actuais.<\/p>\n<p>A partir do seu papel de \u00f3rg\u00e3o de coopera\u00e7\u00e3o jur\u00eddica internacional, a COMJIB continua a promover reformas e modelos que garantam uma justi\u00e7a eficaz e acess\u00edvel, em conson\u00e2ncia com os desafios contempor\u00e2neos na prote\u00e7\u00e3o dos direitos humanos.<\/p>\n<p>O lan\u00e7amento deste livro representa um passo adiante na consolida\u00e7\u00e3o da justi\u00e7a de transi\u00e7\u00e3o como um caminho efetivo para a reconcilia\u00e7\u00e3o e a paz na Am\u00e9rica Latina e no mundo. Com este esfor\u00e7o, a COMJIB reafirma seu papel de refer\u00eancia no campo jur\u00eddico e seu compromisso com a prote\u00e7\u00e3o dos direitos humanos.<\/p>\n<p>Este evento deixa uma marca na hist\u00f3ria da justi\u00e7a transicional e esta publica\u00e7\u00e3o ilumina o caminho para a paz. Para saber mais sobre o evento, pode consultar o artigo oficial do Minist\u00e9rio da Justi\u00e7a da Col\u00f4mbia <a href=\"https:\/\/www.minjusticia.gov.co\/Sala-de-prensa\/Paginas\/Apost%C3%A9mosle-a-la-JEP-los-compromisos-son-complejos-pero-no-vamos-a-ser-inferiores-ministra-Angela-Buitrago-en-encuent.aspx\">aqu\u00ed<\/a>.<\/p>\n","protected":false},"excerpt":{"rendered":"<p>No passado dia 25 de fevereiro, a Confer\u00eancia dos Ministros da Justi\u00e7a dos Pa\u00edses Ibero-Americanos (COMJIB) reafirmou o seu compromisso com a justi\u00e7a e a paz na Am\u00e9rica Latina durante o lan\u00e7amento do livro \u201cPasado, presente y futuro de la Justicia Transicional: la experiencia latinoamericana en la construcci\u00f3n de la paz mundial\u201d. Este importante evento, [&hellip;]<\/p>\n","protected":false},"author":34417,"featured_media":7960,"comment_status":"closed","ping_status":"closed","sticky":false,"template":"","format":"standard","meta":{"_et_pb_use_builder":"","_et_pb_old_content":"","_et_gb_content_width":"","footnotes":""},"categories":[116],"tags":[],"class_list":["post-7859","post","type-post","status-publish","format-standard","has-post-thumbnail","hentry","category-noticias-pt-pt-pt"],"_links":{"self":[{"href":"https:\/\/comjib.org\/pt-pt\/wp-json\/wp\/v2\/posts\/7859","targetHints":{"allow":["GET"]}}],"collection":[{"href":"https:\/\/comjib.org\/pt-pt\/wp-json\/wp\/v2\/posts"}],"about":[{"href":"https:\/\/comjib.org\/pt-pt\/wp-json\/wp\/v2\/types\/post"}],"author":[{"embeddable":true,"href":"https:\/\/comjib.org\/pt-pt\/wp-json\/wp\/v2\/users\/34417"}],"replies":[{"embeddable":true,"href":"https:\/\/comjib.org\/pt-pt\/wp-json\/wp\/v2\/comments?post=7859"}],"version-history":[{"count":2,"href":"https:\/\/comjib.org\/pt-pt\/wp-json\/wp\/v2\/posts\/7859\/revisions"}],"predecessor-version":[{"id":7861,"href":"https:\/\/comjib.org\/pt-pt\/wp-json\/wp\/v2\/posts\/7859\/revisions\/7861"}],"wp:featuredmedia":[{"embeddable":true,"href":"https:\/\/comjib.org\/pt-pt\/wp-json\/wp\/v2\/media\/7960"}],"wp:attachment":[{"href":"https:\/\/comjib.org\/pt-pt\/wp-json\/wp\/v2\/media?parent=7859"}],"wp:term":[{"taxonomy":"category","embeddable":true,"href":"https:\/\/comjib.org\/pt-pt\/wp-json\/wp\/v2\/categories?post=7859"},{"taxonomy":"post_tag","embeddable":true,"href":"https:\/\/comjib.org\/pt-pt\/wp-json\/wp\/v2\/tags?post=7859"}],"curies":[{"name":"wp","href":"https:\/\/api.w.org\/{rel}","templated":true}]}}