{"id":7843,"date":"2025-03-19T18:04:10","date_gmt":"2025-03-19T17:04:10","guid":{"rendered":"https:\/\/comjib.org\/?p=7843"},"modified":"2025-03-19T18:04:10","modified_gmt":"2025-03-19T17:04:10","slug":"encontro-regional-e-workshops-avancando-para-uma-convencao-ibero-americana-de-acesso-a-justica","status":"publish","type":"post","link":"https:\/\/comjib.org\/pt-pt\/encontro-regional-e-workshops-avancando-para-uma-convencao-ibero-americana-de-acesso-a-justica\/","title":{"rendered":"Encontro Regional e Workshops: avan\u00e7ando para uma Conven\u00e7\u00e3o Ibero-Americana de Acesso \u00e0 Justi\u00e7a"},"content":{"rendered":"<p>Nos dias 2, 3 e 4 de dezembro, realizou-se em Santiago do Chile o Encontro Regional: Rumo a uma Conven\u00e7\u00e3o Ibero-Americana de Acesso \u00e0 Justi\u00e7a, organizado pelo Minist\u00e9rio da Justi\u00e7a e dos Direitos Humanos do Chile.<\/p>\n<p>O objetivo do encontro foi promover um debate p\u00fablico com os principais actores regionais na \u00e1rea do acesso \u00e0 justi\u00e7a para discutir o alcance e as projec\u00e7\u00f5es da Conven\u00e7\u00e3o Ibero-Americana de Acesso \u00e0 Justi\u00e7a (CIAJ). O encontro contou com a participa\u00e7\u00e3o das principais ag\u00eancias internacionais sobre o tema, organiza\u00e7\u00f5es da sociedade civil e diversos representantes dos Minist\u00e9rios da Justi\u00e7a da Argentina, Uruguai, Brasil, Col\u00f4mbia, Cuba, Paraguai, Bol\u00edvia e Rep\u00fablica Dominicana.<\/p>\n<p>Na sua abertura, que teve lugar no dia 2 de dezembro, foram apresentadas as principais institui\u00e7\u00f5es organizadoras e realizaram-se v\u00e1rios pain\u00e9is de debate em que se discutiu a situa\u00e7\u00e3o do acesso \u00e0 justi\u00e7a na regi\u00e3o ibero-americana sob diferentes perspectivas.<\/p>\n<p>Nos dias seguintes, 3 e 4 de dezembro, realizaram-se os primeiros workshops presenciais para revis\u00e3o do projeto da Conven\u00e7\u00e3o.<\/p>\n<p>Esta reuni\u00e3o culminou com a realiza\u00e7\u00e3o do Comit\u00e9 Intergovernamental do Programa Ibero-Americano de Acesso \u00e0 Justi\u00e7a, que acordou as actividades a desenvolver em 2025.<\/p>\n","protected":false},"excerpt":{"rendered":"<p>Nos dias 2, 3 e 4 de dezembro, realizou-se em Santiago do Chile o Encontro Regional: Rumo a uma Conven\u00e7\u00e3o Ibero-Americana de Acesso \u00e0 Justi\u00e7a, organizado pelo Minist\u00e9rio da Justi\u00e7a e dos Direitos Humanos do Chile. O objetivo do encontro foi promover um debate p\u00fablico com os principais actores regionais na \u00e1rea do acesso \u00e0 [&hellip;]<\/p>\n","protected":false},"author":34417,"featured_media":7950,"comment_status":"closed","ping_status":"closed","sticky":false,"template":"","format":"standard","meta":{"_et_pb_use_builder":"","_et_pb_old_content":"","_et_gb_content_width":"","footnotes":""},"categories":[116],"tags":[],"class_list":["post-7843","post","type-post","status-publish","format-standard","has-post-thumbnail","hentry","category-noticias-pt-pt-pt"],"_links":{"self":[{"href":"https:\/\/comjib.org\/pt-pt\/wp-json\/wp\/v2\/posts\/7843","targetHints":{"allow":["GET"]}}],"collection":[{"href":"https:\/\/comjib.org\/pt-pt\/wp-json\/wp\/v2\/posts"}],"about":[{"href":"https:\/\/comjib.org\/pt-pt\/wp-json\/wp\/v2\/types\/post"}],"author":[{"embeddable":true,"href":"https:\/\/comjib.org\/pt-pt\/wp-json\/wp\/v2\/users\/34417"}],"replies":[{"embeddable":true,"href":"https:\/\/comjib.org\/pt-pt\/wp-json\/wp\/v2\/comments?post=7843"}],"version-history":[{"count":1,"href":"https:\/\/comjib.org\/pt-pt\/wp-json\/wp\/v2\/posts\/7843\/revisions"}],"predecessor-version":[{"id":7844,"href":"https:\/\/comjib.org\/pt-pt\/wp-json\/wp\/v2\/posts\/7843\/revisions\/7844"}],"wp:featuredmedia":[{"embeddable":true,"href":"https:\/\/comjib.org\/pt-pt\/wp-json\/wp\/v2\/media\/7950"}],"wp:attachment":[{"href":"https:\/\/comjib.org\/pt-pt\/wp-json\/wp\/v2\/media?parent=7843"}],"wp:term":[{"taxonomy":"category","embeddable":true,"href":"https:\/\/comjib.org\/pt-pt\/wp-json\/wp\/v2\/categories?post=7843"},{"taxonomy":"post_tag","embeddable":true,"href":"https:\/\/comjib.org\/pt-pt\/wp-json\/wp\/v2\/tags?post=7843"}],"curies":[{"name":"wp","href":"https:\/\/api.w.org\/{rel}","templated":true}]}}