{"id":7830,"date":"2025-03-19T17:53:48","date_gmt":"2025-03-19T16:53:48","guid":{"rendered":"https:\/\/comjib.org\/?p=7830"},"modified":"2025-03-19T17:53:48","modified_gmt":"2025-03-19T16:53:48","slug":"celebracao-do-20o-aniversario-da-iberred-medellin-capital-mundial-da-cooperacao-juridica-internacional","status":"publish","type":"post","link":"https:\/\/comjib.org\/pt-pt\/celebracao-do-20o-aniversario-da-iberred-medellin-capital-mundial-da-cooperacao-juridica-internacional\/","title":{"rendered":"Celebra\u00e7\u00e3o do 20\u00ba Anivers\u00e1rio da IberRed: &#8220;Medell\u00edn, Capital Mundial da Coopera\u00e7\u00e3o Jur\u00eddica Internacional&#8221;"},"content":{"rendered":"<p>De 17 a 19 de novembro de 2024, Medell\u00edn se tornou o epicentro da coopera\u00e7\u00e3o jur\u00eddica internacional ao sediar a celebra\u00e7\u00e3o do 20\u00ba anivers\u00e1rio da IberRed, a Rede Ibero-Americana de Coopera\u00e7\u00e3o Jur\u00eddica. Esse evento, organizado pela Confer\u00eancia de Ministros da Justi\u00e7a dos Pa\u00edses Ibero-Americanos (COMJIB), em colabora\u00e7\u00e3o com o Minist\u00e9rio da Justi\u00e7a e do Direito da Col\u00f4mbia e a Prefeitura de Medell\u00edn, teve como ponto central a proje\u00e7\u00e3o global do Tratado de Medell\u00edn, um instrumento chave na coopera\u00e7\u00e3o judicial e na luta contra o crime organizado transnacional.<\/p>\n<p>O Tratado sobre a Transmiss\u00e3o Eletr\u00f4nica de Pedidos de Coopera\u00e7\u00e3o Jur\u00eddica Internacional entre Autoridades Centrais, conhecido como Tratado de Medell\u00edn, foi assinado em Medell\u00edn em 2004 e possibilitou o estabelecimento da plataforma Iber@, um espa\u00e7o seguro para o interc\u00e2mbio de documentos judiciais entre os pa\u00edses signat\u00e1rios. Esse tratado facilita a coopera\u00e7\u00e3o jur\u00eddica internacional entre os Estados, n\u00e3o apenas na esfera civil, mas tamb\u00e9m na esfera penal, e representa um avan\u00e7o fundamental na luta contra a criminalidade global.<\/p>\n<p>Esse importante evento contou com a presen\u00e7a de destacados representantes do judici\u00e1rio e da justi\u00e7a criminal da Am\u00e9rica Latina e da Europa, incluindo ministros da justi\u00e7a, procuradores-gerais, magistrados e autoridades judiciais de v\u00e1rias institui\u00e7\u00f5es internacionais, como a Associa\u00e7\u00e3o Iberoamericana de Minist\u00e9rios P\u00fablicos (AIAMP), a C\u00fapula Judicial Ibero-Americana (CJI), a Suprema Corte de Justi\u00e7a da Rep\u00fablica Dominicana e a Interpol, entre outras. Tamb\u00e9m participaram importantes institui\u00e7\u00f5es nacionais, como o Tribunal Constitucional, a Suprema Corte de Justi\u00e7a, o Conselho de Estado, o Conselho Superior da Magistratura, a Procuradoria Geral da Rep\u00fablica, entre outros.<\/p>\n<p>A sess\u00e3o inaugural contou com a presen\u00e7a de nosso Secret\u00e1rio-Geral, Enrique Gil Botero; Federico Guti\u00e9rrez, Prefeito de Medell\u00edn; \u00c1ngela Mar\u00eda Buitrago, Ministra da Justi\u00e7a e do Direito da Col\u00f4mbia; Margarita Cabello, Procuradora-Geral da Col\u00f4mbia; Candice Welsch, Diretora Regional do Escrit\u00f3rio das Na\u00e7\u00f5es Unidas sobre Drogas e Crime para a Regi\u00e3o Andina e o Cone Sul, e os presidentes e magistrados dos Tribunais Superiores da Col\u00f4mbia.\u00a0 Nessa primeira sess\u00e3o, foi apresentado o balan\u00e7o dos 20 anos da IberRed e foram discutidos os desafios futuros da plataforma Iber@ como instrumento preferencial para promover a coopera\u00e7\u00e3o jur\u00eddica internacional.<\/p>\n<p>Os pain\u00e9is desenvolvidos ao longo do evento abordaram temas cruciais como o uso da tecnologia nos sistemas de justi\u00e7a, normas de seguran\u00e7a cibern\u00e9tica e prote\u00e7\u00e3o de dados e a articula\u00e7\u00e3o da IberRed com outras redes de coopera\u00e7\u00e3o internacional, como a INTERPOL, EUROPOL e AMERIPOL. Al\u00e9m disso, foi apresentado o livro \u201cPassado, Presente e Futuro da Justi\u00e7a de Transi\u00e7\u00e3o: A experi\u00eancia latino-americana na constru\u00e7\u00e3o da paz mundial\u201d, um trabalho conjunto entre a COMJIB e o Conselho Geral de Not\u00e1rios da Espanha. El evento finaliz\u00f3 con la firma de la Declaraci\u00f3n de Medell\u00edn entre la AIAMP, A C\u00fapula Judicial Ibero-Americana e a COMJIB; uma declara\u00e7\u00e3o que reflete o compromisso renovado dos pa\u00edses participantes com a coopera\u00e7\u00e3o jur\u00eddica internacional na luta contra o crime organizado e o fortalecimento dos sistemas de justi\u00e7a. Federico Andr\u00e9s Guti\u00e9rrez Zuluaga, prefeito da cidade de Medell\u00edn, foi o respons\u00e1vel pela cerim\u00f4nia de encerramento.<\/p>\n<p><strong>Um passo a mais em dire\u00e7\u00e3o \u00e0 justi\u00e7a global<\/strong><\/p>\n<p>O 20\u00ba anivers\u00e1rio da IberRed \u00e9 uma oportunidade para refletir sobre os avan\u00e7os alcan\u00e7ados nos \u00faltimos 20 anos e reafirmar o compromisso da Ibero-Am\u00e9rica e da Europa com a coopera\u00e7\u00e3o jur\u00eddica internacional e a justi\u00e7a. Esse evento destacou o papel crucial de Medell\u00edn como sede desse Tratado hist\u00f3rico e sua proje\u00e7\u00e3o internacional como modelo de coopera\u00e7\u00e3o e justi\u00e7a global. Esse evento \u00e9 um marco que fortalece os la\u00e7os, promove a coopera\u00e7\u00e3o e contribui para a constru\u00e7\u00e3o de sociedades mais justas, equitativas e pac\u00edficas.<\/p>\n<p>Por \u00faltimo, \u00e9 importante destacar que o Tratado de Medell\u00edn foi assinado por Andorra, Argentina, Bol\u00edvia, Brasil, Chile, Col\u00f4mbia, Cuba, Equador, Espanha, Portugal, Paraguai e Uruguai; e atualmente est\u00e1 em vigor para Andorra, Cuba, Espanha, Paraguai, Portugal, Uruguai e Col\u00f4mbia. O Tratado est\u00e1 aberto \u00e0 ades\u00e3o de terceiros Estados e a Secretaria Geral da COMJIB e da IberRed est\u00e1 assessorando v\u00e1rios pa\u00edses que est\u00e3o considerando aderir a essa valiosa ferramenta de coopera\u00e7\u00e3o jur\u00eddica internacional. Um passo adiante a partir da Ibero-Am\u00e9rica para o mundo.<\/p>\n<p><a href=\"https:\/\/comjib.org\/wp-content\/uploads\/2025\/03\/Declaracion-de-Medellin_ESP.pdf\" target=\"_blank\" rel=\"noopener\"><img loading=\"lazy\" decoding=\"async\" class=\"alignnone wp-image-7831 size-medium\" src=\"https:\/\/comjib.org\/wp-content\/uploads\/2025\/03\/12-300x85.png\" alt=\"\" width=\"300\" height=\"85\" \/><\/a><\/p>\n<p><a href=\"https:\/\/drive.google.com\/drive\/folders\/1-LpuQ9i722Pa4IjYvSsEq8zZJyKYGB-T?usp=drive_link\" target=\"_blank\" rel=\"noopener\"><img loading=\"lazy\" decoding=\"async\" class=\"alignnone wp-image-7833 size-medium\" src=\"https:\/\/comjib.org\/wp-content\/uploads\/2025\/03\/13-300x85.png\" alt=\"\" width=\"300\" height=\"85\" \/><\/a><\/p>\n","protected":false},"excerpt":{"rendered":"<p>De 17 a 19 de novembro de 2024, Medell\u00edn se tornou o epicentro da coopera\u00e7\u00e3o jur\u00eddica internacional ao sediar a celebra\u00e7\u00e3o do 20\u00ba anivers\u00e1rio da IberRed, a Rede Ibero-Americana de Coopera\u00e7\u00e3o Jur\u00eddica. Esse evento, organizado pela Confer\u00eancia de Ministros da Justi\u00e7a dos Pa\u00edses Ibero-Americanos (COMJIB), em colabora\u00e7\u00e3o com o Minist\u00e9rio da Justi\u00e7a e do Direito [&hellip;]<\/p>\n","protected":false},"author":34417,"featured_media":7925,"comment_status":"closed","ping_status":"closed","sticky":false,"template":"","format":"standard","meta":{"_et_pb_use_builder":"","_et_pb_old_content":"","_et_gb_content_width":"","footnotes":""},"categories":[116],"tags":[],"class_list":["post-7830","post","type-post","status-publish","format-standard","has-post-thumbnail","hentry","category-noticias-pt-pt-pt"],"_links":{"self":[{"href":"https:\/\/comjib.org\/pt-pt\/wp-json\/wp\/v2\/posts\/7830","targetHints":{"allow":["GET"]}}],"collection":[{"href":"https:\/\/comjib.org\/pt-pt\/wp-json\/wp\/v2\/posts"}],"about":[{"href":"https:\/\/comjib.org\/pt-pt\/wp-json\/wp\/v2\/types\/post"}],"author":[{"embeddable":true,"href":"https:\/\/comjib.org\/pt-pt\/wp-json\/wp\/v2\/users\/34417"}],"replies":[{"embeddable":true,"href":"https:\/\/comjib.org\/pt-pt\/wp-json\/wp\/v2\/comments?post=7830"}],"version-history":[{"count":3,"href":"https:\/\/comjib.org\/pt-pt\/wp-json\/wp\/v2\/posts\/7830\/revisions"}],"predecessor-version":[{"id":7893,"href":"https:\/\/comjib.org\/pt-pt\/wp-json\/wp\/v2\/posts\/7830\/revisions\/7893"}],"wp:featuredmedia":[{"embeddable":true,"href":"https:\/\/comjib.org\/pt-pt\/wp-json\/wp\/v2\/media\/7925"}],"wp:attachment":[{"href":"https:\/\/comjib.org\/pt-pt\/wp-json\/wp\/v2\/media?parent=7830"}],"wp:term":[{"taxonomy":"category","embeddable":true,"href":"https:\/\/comjib.org\/pt-pt\/wp-json\/wp\/v2\/categories?post=7830"},{"taxonomy":"post_tag","embeddable":true,"href":"https:\/\/comjib.org\/pt-pt\/wp-json\/wp\/v2\/tags?post=7830"}],"curies":[{"name":"wp","href":"https:\/\/api.w.org\/{rel}","templated":true}]}}