{"id":7824,"date":"2025-03-19T17:49:01","date_gmt":"2025-03-19T16:49:01","guid":{"rendered":"https:\/\/comjib.org\/?p=7824"},"modified":"2025-03-19T17:49:01","modified_gmt":"2025-03-19T16:49:01","slug":"comjib-lidera-debate-global-sobre-justica-transicional-com-livro-determinante-para-a-paz-mundial","status":"publish","type":"post","link":"https:\/\/comjib.org\/pt-pt\/comjib-lidera-debate-global-sobre-justica-transicional-com-livro-determinante-para-a-paz-mundial\/","title":{"rendered":"COMJIB lidera debate global sobre justi\u00e7a transicional com livro determinante para a paz mundial"},"content":{"rendered":"<p>No dia 5 de novembro de 2024, a Confer\u00eancia dos Ministros da Justi\u00e7a dos Pa\u00edses Ibero-Americanos (COMJIB) reafirmou o seu papel fundamental na promo\u00e7\u00e3o da paz e da justi\u00e7a transicional com a apresenta\u00e7\u00e3o do livro \u201cPassado, presente e futuro da Justi\u00e7a Transicional: a experi\u00eancia latino-americana na constru\u00e7\u00e3o da paz mundial\u201d na Associa\u00e7\u00e3o Notarial de Madrid. A iniciativa, liderada pelo Secret\u00e1rio-Geral da COMJIB, Enrique Gil Botero, procura proporcionar ferramentas concretas para fortalecer os processos de justi\u00e7a transicional na Ibero-Am\u00e9rica e no mundo, proporcionando um quadro de refer\u00eancia para legisladores, juristas, defensores dos direitos humanos, acad\u00e9micos e estudantes.<\/p>\n<p><strong>Um compromisso com a paz e a justi\u00e7a<\/strong><br \/>\nO Secret\u00e1rio-Geral da COMJIB, Enrique Gil Botero, destacou a import\u00e2ncia do livro como um guia fundamental em tempos de incerteza:<br \/>\n<em>\u201cEste livro \u00e9 um grito de justi\u00e7a e reconcilia\u00e7\u00e3o. A COMJIB continua empenhada em fornecer solu\u00e7\u00f5es jur\u00eddicas para construir sociedades mais justas e pac\u00edficas. A justi\u00e7a de transi\u00e7\u00e3o n\u00e3o \u00e9 apenas um conceito te\u00f3rico, mas uma necessidade urgente para os pa\u00edses que procuram encerrar os ciclos de viol\u00eancia e avan\u00e7ar para a estabilidade democr\u00e1tica\u201d.<\/em><\/p>\n<p>O ex-presidente colombiano Juan Manuel Santos, no seu pref\u00e1cio, apoiou esta vis\u00e3o:<br \/>\n<em>\u201cA justi\u00e7a de transi\u00e7\u00e3o n\u00e3o \u00e9 apenas justi\u00e7a, mas uma estrat\u00e9gia para curar feridas e evitar que a viol\u00eancia se repita. \u00c9 um passo essencial para a reconcilia\u00e7\u00e3o e o desenvolvimento. A Am\u00e9rica Latina tem a oportunidade de liderar pelo exemplo e demonstrar que \u00e9 poss\u00edvel transformar a dor em esperan\u00e7a.\u201d<\/em><\/p>\n<p>O Papa Francisco, na sua mensagem, apelou \u00e0 responsabilidade global:<br \/>\n<em>\u201cAprender com o passado e enfrentar com coragem os desafios de hoje convida-nos a consolidar os caminhos da paz, da liberdade e da justi\u00e7a. S\u00f3 a verdade e a reconcilia\u00e7\u00e3o podem abrir um futuro melhor. A humanidade deve esfor\u00e7ar-se por ultrapassar a cultura do confronto e promover o di\u00e1logo como caminho para a paz.<\/em><\/p>\n<p>O evento contou com a presen\u00e7a de especialistas em direito e direitos humanos, como o Professor Joseph Weiler, Digna Isabel Dur\u00e1n e Cecilia Robles, que apoiaram o papel fundamental da COMJIB na implementa\u00e7\u00e3o de mecanismos de justi\u00e7a transicional. Discutiram tamb\u00e9m o impacto desta abordagem na reconstru\u00e7\u00e3o das sociedades afectadas pela viol\u00eancia e a necessidade de quadros normativos que facilitem a sua aplica\u00e7\u00e3o efectiva.<\/p>\n<p><strong>Apresenta\u00e7\u00e3o nas Na\u00e7\u00f5es Unidas<\/strong><br \/>\nO livro ser\u00e1 traduzido para o ingl\u00eas e apresentado em 2025 na sede das Na\u00e7\u00f5es Unidas em New York, consolidando a lideran\u00e7a da COMJIB no debate global sobre justi\u00e7a transicional e refor\u00e7ando seu compromisso com o fortalecimento do direito internacional e da paz duradoura.<\/p>\n","protected":false},"excerpt":{"rendered":"<p>No dia 5 de novembro de 2024, a Confer\u00eancia dos Ministros da Justi\u00e7a dos Pa\u00edses Ibero-Americanos (COMJIB) reafirmou o seu papel fundamental na promo\u00e7\u00e3o da paz e da justi\u00e7a transicional com a apresenta\u00e7\u00e3o do livro \u201cPassado, presente e futuro da Justi\u00e7a Transicional: a experi\u00eancia latino-americana na constru\u00e7\u00e3o da paz mundial\u201d na Associa\u00e7\u00e3o Notarial de Madrid. [&hellip;]<\/p>\n","protected":false},"author":34417,"featured_media":7916,"comment_status":"closed","ping_status":"closed","sticky":false,"template":"","format":"standard","meta":{"_et_pb_use_builder":"","_et_pb_old_content":"","_et_gb_content_width":"","footnotes":""},"categories":[116],"tags":[],"class_list":["post-7824","post","type-post","status-publish","format-standard","has-post-thumbnail","hentry","category-noticias-pt-pt-pt"],"_links":{"self":[{"href":"https:\/\/comjib.org\/pt-pt\/wp-json\/wp\/v2\/posts\/7824","targetHints":{"allow":["GET"]}}],"collection":[{"href":"https:\/\/comjib.org\/pt-pt\/wp-json\/wp\/v2\/posts"}],"about":[{"href":"https:\/\/comjib.org\/pt-pt\/wp-json\/wp\/v2\/types\/post"}],"author":[{"embeddable":true,"href":"https:\/\/comjib.org\/pt-pt\/wp-json\/wp\/v2\/users\/34417"}],"replies":[{"embeddable":true,"href":"https:\/\/comjib.org\/pt-pt\/wp-json\/wp\/v2\/comments?post=7824"}],"version-history":[{"count":1,"href":"https:\/\/comjib.org\/pt-pt\/wp-json\/wp\/v2\/posts\/7824\/revisions"}],"predecessor-version":[{"id":7825,"href":"https:\/\/comjib.org\/pt-pt\/wp-json\/wp\/v2\/posts\/7824\/revisions\/7825"}],"wp:featuredmedia":[{"embeddable":true,"href":"https:\/\/comjib.org\/pt-pt\/wp-json\/wp\/v2\/media\/7916"}],"wp:attachment":[{"href":"https:\/\/comjib.org\/pt-pt\/wp-json\/wp\/v2\/media?parent=7824"}],"wp:term":[{"taxonomy":"category","embeddable":true,"href":"https:\/\/comjib.org\/pt-pt\/wp-json\/wp\/v2\/categories?post=7824"},{"taxonomy":"post_tag","embeddable":true,"href":"https:\/\/comjib.org\/pt-pt\/wp-json\/wp\/v2\/tags?post=7824"}],"curies":[{"name":"wp","href":"https:\/\/api.w.org\/{rel}","templated":true}]}}