{"id":7192,"date":"2012-09-20T05:37:32","date_gmt":"2012-09-20T03:37:32","guid":{"rendered":"https:\/\/comjib.org\/?p=7192"},"modified":"2024-12-27T14:25:44","modified_gmt":"2024-12-27T13:25:44","slug":"reuniao-informal-de-especialistas-em-cibercrime","status":"publish","type":"post","link":"https:\/\/comjib.org\/pt-pt\/reuniao-informal-de-especialistas-em-cibercrime\/","title":{"rendered":"Reuni\u00e3o informal de especialistas em Cibercrime"},"content":{"rendered":"<p>Nos dias 23 e 24 de julho de 2012, decorreu na sede da COMJIB uma reuni\u00e3o informal de especialistas em cibercrime, na qual se reuniram especialistas do Brasil, Chile, Costa Rica e Espanha.<\/p>\n<p>A Comiss\u00e3o Fina da COMJIB, realizada no Rio de Janeiro em mar\u00e7o de 2012, acordou em rela\u00e7\u00e3o ao cibercrime em \u201cCriar um grupo de trabalho ad hoc para preparar e apresentar propostas de harmoniza\u00e7\u00e3o ou regulamenta\u00e7\u00e3o atrav\u00e9s da Conven\u00e7\u00e3o Ibero-Americana sobre Cibercrime para a pr\u00f3xima sess\u00e3o plen\u00e1ria de Ministros, tomando a Declara\u00e7\u00e3o do Rio sobre o Cibercrime como um guia pol\u00edtico inicial.\u201d<\/p>\n<p>A COMJIB quis enriquecer-se com a experi\u00eancia dos especialistas convidados do meio acad\u00e9mico, a perspectiva operacional e a reforma regulat\u00f3ria sobre o tema com o objectivo de obter contributos sobre qual \u00e9 o instrumento ideal para abordar a harmoniza\u00e7\u00e3o e regula\u00e7\u00e3o do cibercrime na Ibero-Am\u00e9rica : uma conven\u00e7\u00e3o ou uma recomenda\u00e7\u00e3o; bem como estabelecer os elementos m\u00ednimos que esta proposta dever\u00e1 conter e que constituir\u00e3o a sua espinha dorsal, divididos em aspetos substantivos e aspetos processuais.<\/p>\n<p>Com estes contributos ser\u00e1 obtido um primeiro esbo\u00e7o da proposta que servir\u00e1 de base ao debate na reuni\u00e3o do grupo Ad hoc que se reunir\u00e1 em Montevideu na semana de 17 a 21 de Setembro.<\/p>\n","protected":false},"excerpt":{"rendered":"<p class=\"rtejustify\">\n  &nbsp;&nbsp; Nos dias 23 e 24 de julho de 2012, decorreu na sede da COMJIB uma reuni\u00e3o informal de especialistas em cibercrime, na qual se reuniram especialistas do Brasil, Chile, Costa Rica e Espanha.<\/p>\n","protected":false},"author":34415,"featured_media":0,"comment_status":"closed","ping_status":"closed","sticky":false,"template":"","format":"standard","meta":{"_et_pb_use_builder":"","_et_pb_old_content":"","_et_gb_content_width":"","footnotes":""},"categories":[116],"tags":[117],"class_list":["post-7192","post","type-post","status-publish","format-standard","hentry","category-noticias-pt-pt-pt","tag-noticias-pt-pt-pt"],"_links":{"self":[{"href":"https:\/\/comjib.org\/pt-pt\/wp-json\/wp\/v2\/posts\/7192","targetHints":{"allow":["GET"]}}],"collection":[{"href":"https:\/\/comjib.org\/pt-pt\/wp-json\/wp\/v2\/posts"}],"about":[{"href":"https:\/\/comjib.org\/pt-pt\/wp-json\/wp\/v2\/types\/post"}],"author":[{"embeddable":true,"href":"https:\/\/comjib.org\/pt-pt\/wp-json\/wp\/v2\/users\/34415"}],"replies":[{"embeddable":true,"href":"https:\/\/comjib.org\/pt-pt\/wp-json\/wp\/v2\/comments?post=7192"}],"version-history":[{"count":2,"href":"https:\/\/comjib.org\/pt-pt\/wp-json\/wp\/v2\/posts\/7192\/revisions"}],"predecessor-version":[{"id":7194,"href":"https:\/\/comjib.org\/pt-pt\/wp-json\/wp\/v2\/posts\/7192\/revisions\/7194"}],"wp:attachment":[{"href":"https:\/\/comjib.org\/pt-pt\/wp-json\/wp\/v2\/media?parent=7192"}],"wp:term":[{"taxonomy":"category","embeddable":true,"href":"https:\/\/comjib.org\/pt-pt\/wp-json\/wp\/v2\/categories?post=7192"},{"taxonomy":"post_tag","embeddable":true,"href":"https:\/\/comjib.org\/pt-pt\/wp-json\/wp\/v2\/tags?post=7192"}],"curies":[{"name":"wp","href":"https:\/\/api.w.org\/{rel}","templated":true}]}}