{"id":7161,"date":"2013-02-19T12:06:01","date_gmt":"2013-02-19T11:06:01","guid":{"rendered":"https:\/\/comjib.org\/?p=7161"},"modified":"2024-12-27T13:27:07","modified_gmt":"2024-12-27T12:27:07","slug":"condolencias-pelo-falecimento-de-d-luis-paulino-mora-mora-presidente-da-corte-suprema-da-justica-da-costa-rica","status":"publish","type":"post","link":"https:\/\/comjib.org\/pt-pt\/condolencias-pelo-falecimento-de-d-luis-paulino-mora-mora-presidente-da-corte-suprema-da-justica-da-costa-rica\/","title":{"rendered":"Condol\u00eancias pelo falecimento de D. Luis Paulino Mora Mora, Presidente da Corte Suprema da Justi\u00e7a da Costa Rica"},"content":{"rendered":"<p><strong>Data:<\/strong>\u00a019-02-2013<\/p>\n<p class=\"rtejustify\">Muito atenciosamente, a Confer\u00eancia dos Ministros da Justi\u00e7a dos Pa\u00edses Ibero-americanos e a Rede Ibero-americana de Coopera\u00e7\u00e3o Jur\u00eddica Internacional sa\u00fada a Secretaria do Gabinete da Corte Suprema da Justi\u00e7a da Costa Rica e apresenta <strong>as suas mais sinceras condol\u00eancias depois de ter recebido com uma enorme tristeza e consterna\u00e7\u00e3o a not\u00edcia do falecimento do Presidente da Corte Suprema de Justi\u00e7a da Costa Rica, o Dr. Luis Paulino Mora Mora.<\/strong><\/p>\n<p class=\"rtejustify\">Antes de aceder \u00e0 Corte Suprema, o Dr. Mora Mora foi ministro da Justi\u00e7a e contribuiu para a cria\u00e7\u00e3o da nossa organiza\u00e7\u00e3o, a COMJIB. Sempre entendeu as rela\u00e7\u00f5es transatl\u00e2nticas como um \u00e2mbito comum para dialogar e cooperar, e a sua liga\u00e7\u00e3o com a comunidade ibero-americana das na\u00e7\u00f5es esteve presente nas suas decis\u00f5es estrat\u00e9gicas de lideran\u00e7a de um Poder Judicial como o da Costa Rica, que se encontra entre os mais avan\u00e7ados e eficientes.<\/p>\n<p class=\"rtejustify\">O apoio institucional \u00e0s atividades e iniciativas da COMJIB exige agora que mostremos o nosso agradecimento e o nosso reconhecimento ao Dr. Luis Paulino Mora Mora, uma figura indiscut\u00edvel e insubstitu\u00edvel no panorama da Justi\u00e7a ibero-americana.<\/p>\n<p class=\"rtecenter\"><strong>\u00a0D.E.P.<\/strong><\/p>\n","protected":false},"excerpt":{"rendered":"<p class=\"rtejustify\">Muito atenciosamente, a Confer&ecirc;ncia dos Ministros da Justi&ccedil;a dos Pa&iacute;ses Ibero-americanos e a Rede Ibero-americana de Coopera&ccedil;&atilde;o Jur&iacute;dica Internacional sa&uacute;da a Secretaria do Gabinete da Corte Suprema da Justi&ccedil;a da Costa Rica e apresenta <strong>as suas mais sinceras condol&ecirc;ncias depois de ter recebido com uma enorme<\/p>\n","protected":false},"author":34416,"featured_media":0,"comment_status":"closed","ping_status":"closed","sticky":false,"template":"","format":"standard","meta":{"_et_pb_use_builder":"","_et_pb_old_content":"","_et_gb_content_width":"","footnotes":""},"categories":[116],"tags":[117],"class_list":["post-7161","post","type-post","status-publish","format-standard","hentry","category-noticias-pt-pt-pt","tag-noticias-pt-pt-pt"],"_links":{"self":[{"href":"https:\/\/comjib.org\/pt-pt\/wp-json\/wp\/v2\/posts\/7161","targetHints":{"allow":["GET"]}}],"collection":[{"href":"https:\/\/comjib.org\/pt-pt\/wp-json\/wp\/v2\/posts"}],"about":[{"href":"https:\/\/comjib.org\/pt-pt\/wp-json\/wp\/v2\/types\/post"}],"author":[{"embeddable":true,"href":"https:\/\/comjib.org\/pt-pt\/wp-json\/wp\/v2\/users\/34416"}],"replies":[{"embeddable":true,"href":"https:\/\/comjib.org\/pt-pt\/wp-json\/wp\/v2\/comments?post=7161"}],"version-history":[{"count":1,"href":"https:\/\/comjib.org\/pt-pt\/wp-json\/wp\/v2\/posts\/7161\/revisions"}],"predecessor-version":[{"id":7162,"href":"https:\/\/comjib.org\/pt-pt\/wp-json\/wp\/v2\/posts\/7161\/revisions\/7162"}],"wp:attachment":[{"href":"https:\/\/comjib.org\/pt-pt\/wp-json\/wp\/v2\/media?parent=7161"}],"wp:term":[{"taxonomy":"category","embeddable":true,"href":"https:\/\/comjib.org\/pt-pt\/wp-json\/wp\/v2\/categories?post=7161"},{"taxonomy":"post_tag","embeddable":true,"href":"https:\/\/comjib.org\/pt-pt\/wp-json\/wp\/v2\/tags?post=7161"}],"curies":[{"name":"wp","href":"https:\/\/api.w.org\/{rel}","templated":true}]}}