{"id":6620,"date":"2016-12-12T14:00:52","date_gmt":"2016-12-12T13:00:52","guid":{"rendered":"https:\/\/comjib.org\/tomada-de-posse-de-antonio-guterres-como-novo-secretario-geral-da-onu\/"},"modified":"2024-12-23T16:41:48","modified_gmt":"2024-12-23T15:41:48","slug":"tomada-de-posse-de-antonio-guterres-como-novo-secretario-geral-da-onu","status":"publish","type":"post","link":"https:\/\/comjib.org\/pt-pt\/tomada-de-posse-de-antonio-guterres-como-novo-secretario-geral-da-onu\/","title":{"rendered":"Tomada de posse de Ant\u00f3nio Guterres como novo Secret\u00e1rio-Geral da ONU"},"content":{"rendered":"<p style=\"text-align: left;\"><strong>Local<\/strong>: Nova Iorque<br \/>\n<strong>Data<\/strong>: 12\/12\/2016<\/p>\n<p style=\"text-align: left;\">O Secret\u00e1rio-Geral da Confer\u00eancia dos Ministros da Justi\u00e7a dos Pa\u00edses Ibero-Americanos, Arkel Ben\u00edtez Mendiz\u00e1bal, manifesta o seu apoio ao novo Secret\u00e1rio-Geral das Na\u00e7\u00f5es Unidas, Ant\u00f3nio Guterres, que tomou posse ontem, 12 de dezembro de 2016, na Assembleia Geral das Na\u00e7\u00f5es Unidas em Nova Iorque.<\/p>\n<p style=\"text-align: left;\">Durante o seu discurso, Ant\u00f3nio Guterres sublinhou o seu alinhamento com os tr\u00eas pilares da ONU, que ir\u00e3o reger o seu trabalho como Secret\u00e1rio-Geral \u00e0 frente da Organiza\u00e7\u00e3o: &#8220;paz e seguran\u00e7a, desenvolvimento sustent\u00e1vel e direitos humanos&#8221;. Reconheceu tamb\u00e9m os desafios que as Na\u00e7\u00f5es Unidas enfrentam face aos &#8220;conflitos cada vez mais complexos e interligados&#8221; e a necessidade de &#8220;maiores esfor\u00e7os&#8221; por parte da comunidade internacional para os resolver.<\/p>\n<p style=\"text-align: left;\">Tendo em conta a recente concess\u00e3o do estatuto de observador na Assembleia Geral das Na\u00e7\u00f5es Unidas \u00e0 COMJIB, o Secret\u00e1rio-Geral deseja manifestar a sua total disponibilidade para colaborar com o novo Secret\u00e1rio-Geral em dom\u00ednios priorit\u00e1rios para as Na\u00e7\u00f5es Unidas e a Confer\u00eancia, tais como, nomeadamente, a promo\u00e7\u00e3o e a defesa dos direitos humanos, o apoio ao desenvolvimento sustent\u00e1vel, a aplica\u00e7\u00e3o da Agenda 2030 e a luta contra o terrorismo e a criminalidade organizada transnacional.<\/p>\n<p>Em Madrid, a 19 de dezembro de 2016.<\/p>\n<p><a href=\"\/wp-content\/uploads\/2017\/01\/Comunicado_SG_COMJIB_Investidura_Antonio_Guterres_Secretario_General_Naciones_Unidas.pdf\">Tomada de posse de Ant\u00f3nio Guterres <img loading=\"lazy\" decoding=\"async\" class=\"alignnone size-full wp-image-1084\" src=\"\/wp-content\/uploads\/2016\/12\/pdficon.png\" alt=\"\" width=\"30\" height=\"30\" \/><br \/>\n<\/a><\/p>\n","protected":false},"excerpt":{"rendered":"<p>Local: Nova Iorque Data: 12\/12\/2016 O Secret\u00e1rio-Geral da Confer\u00eancia dos Ministros da Justi\u00e7a dos Pa\u00edses Ibero-Americanos, Arkel Ben\u00edtez Mendiz\u00e1bal, manifesta o seu apoio ao novo Secret\u00e1rio-Geral das Na\u00e7\u00f5es Unidas, Ant\u00f3nio Guterres, que tomou posse ontem, 12 de dezembro de 2016, na Assembleia Geral das Na\u00e7\u00f5es Unidas em Nova Iorque. Durante o seu discurso, Ant\u00f3nio Guterres [&hellip;]<\/p>\n","protected":false},"author":2,"featured_media":5555,"comment_status":"closed","ping_status":"closed","sticky":false,"template":"","format":"standard","meta":{"_et_pb_use_builder":"","_et_pb_old_content":"","_et_gb_content_width":"","footnotes":""},"categories":[116],"tags":[117],"class_list":["post-6620","post","type-post","status-publish","format-standard","has-post-thumbnail","hentry","category-noticias-pt-pt-pt","tag-noticias-pt-pt-pt"],"_links":{"self":[{"href":"https:\/\/comjib.org\/pt-pt\/wp-json\/wp\/v2\/posts\/6620","targetHints":{"allow":["GET"]}}],"collection":[{"href":"https:\/\/comjib.org\/pt-pt\/wp-json\/wp\/v2\/posts"}],"about":[{"href":"https:\/\/comjib.org\/pt-pt\/wp-json\/wp\/v2\/types\/post"}],"author":[{"embeddable":true,"href":"https:\/\/comjib.org\/pt-pt\/wp-json\/wp\/v2\/users\/2"}],"replies":[{"embeddable":true,"href":"https:\/\/comjib.org\/pt-pt\/wp-json\/wp\/v2\/comments?post=6620"}],"version-history":[{"count":2,"href":"https:\/\/comjib.org\/pt-pt\/wp-json\/wp\/v2\/posts\/6620\/revisions"}],"predecessor-version":[{"id":6623,"href":"https:\/\/comjib.org\/pt-pt\/wp-json\/wp\/v2\/posts\/6620\/revisions\/6623"}],"wp:featuredmedia":[{"embeddable":true,"href":"https:\/\/comjib.org\/pt-pt\/wp-json\/wp\/v2\/media\/5555"}],"wp:attachment":[{"href":"https:\/\/comjib.org\/pt-pt\/wp-json\/wp\/v2\/media?parent=6620"}],"wp:term":[{"taxonomy":"category","embeddable":true,"href":"https:\/\/comjib.org\/pt-pt\/wp-json\/wp\/v2\/categories?post=6620"},{"taxonomy":"post_tag","embeddable":true,"href":"https:\/\/comjib.org\/pt-pt\/wp-json\/wp\/v2\/tags?post=6620"}],"curies":[{"name":"wp","href":"https:\/\/api.w.org\/{rel}","templated":true}]}}