{"id":6529,"date":"2021-03-29T16:52:34","date_gmt":"2021-03-29T14:52:34","guid":{"rendered":"https:\/\/comjib.org\/?p=6529"},"modified":"2024-12-23T13:27:47","modified_gmt":"2024-12-23T12:27:47","slug":"iberred-apresentou-a-sua-nova-plataforma-de-cooperacao-juridica-e-judiciaria","status":"publish","type":"post","link":"https:\/\/comjib.org\/pt-pt\/iberred-apresentou-a-sua-nova-plataforma-de-cooperacao-juridica-e-judiciaria\/","title":{"rendered":"IberRed apresentou a sua nova plataforma de coopera\u00e7\u00e3o jur\u00eddica e judici\u00e1ria"},"content":{"rendered":"<p style=\"width: 100%; text-align: center;\"><img loading=\"lazy\" decoding=\"async\" class=\"size-full wp-image-4312 aligncenter\" src=\"https:\/\/comjib.org\/wp-content\/uploads\/2021\/03\/LogoIberred.jpg\" alt=\"\" width=\"265\" height=\"190\" \/><\/p>\r\n<p>&nbsp;<\/p>\r\n\r\n<figure class=\"wp-block-gallery columns-2 is-cropped wp-block-gallery-1 is-layout-flex wp-block-gallery-is-layout-flex\">\r\n<ul class=\"blocks-gallery-grid\">\r\n<li class=\"blocks-gallery-item\">\r\n<figure><img loading=\"lazy\" decoding=\"async\" width=\"975\" height=\"649\" class=\"wp-image-4313\" src=\"https:\/\/comjib.org\/wp-content\/uploads\/2021\/03\/NuevaPlataformaFoto1.jpg\" alt=\"\" data-id=\"4313\" data-full-url=\"https:\/\/comjib.org\/wp-content\/uploads\/2021\/03\/NuevaPlataformaFoto1.jpg\" data-link=\"https:\/\/comjib.org\/?attachment_id=4313\" srcset=\"https:\/\/comjib.org\/wp-content\/uploads\/2021\/03\/NuevaPlataformaFoto1.jpg 975w, https:\/\/comjib.org\/wp-content\/uploads\/2021\/03\/NuevaPlataformaFoto1-300x200.jpg 300w, https:\/\/comjib.org\/wp-content\/uploads\/2021\/03\/NuevaPlataformaFoto1-768x511.jpg 768w\" sizes=\"(max-width: 975px) 100vw, 975px\" \/><\/figure>\r\n<\/li>\r\n<li class=\"blocks-gallery-item\">\r\n<figure><img loading=\"lazy\" decoding=\"async\" width=\"975\" height=\"649\" class=\"wp-image-4314\" src=\"https:\/\/comjib.org\/wp-content\/uploads\/2021\/03\/NuevaPlataformaFoto2.jpg\" alt=\"\" data-id=\"4314\" data-full-url=\"https:\/\/comjib.org\/wp-content\/uploads\/2021\/03\/NuevaPlataformaFoto2.jpg\" data-link=\"https:\/\/comjib.org\/?attachment_id=4314\" srcset=\"https:\/\/comjib.org\/wp-content\/uploads\/2021\/03\/NuevaPlataformaFoto2.jpg 975w, https:\/\/comjib.org\/wp-content\/uploads\/2021\/03\/NuevaPlataformaFoto2-300x200.jpg 300w, https:\/\/comjib.org\/wp-content\/uploads\/2021\/03\/NuevaPlataformaFoto2-768x511.jpg 768w\" sizes=\"(max-width: 975px) 100vw, 975px\" \/><\/figure>\r\n<\/li>\r\n<\/ul>\r\n<\/figure>\r\n<!-- \/wp:post-content -->\r\n\r\n<!-- wp:paragraph -->\r\n<p>IberRed apresentou a sua nova plataforma de coopera\u00e7\u00e3o jur\u00eddica e judici\u00e1ria, desenvolvida pela ag\u00eancia de tecnologia do Conselho Geral de Not\u00e1rios<\/p>\r\n<!-- \/wp:paragraph -->\r\n\r\n<!-- wp:paragraph -->\r\n<p><strong>Enrique Gil Botero: \u201cIber@ \u00e9 a revolu\u00e7\u00e3o na coopera\u00e7\u00e3o jur\u00eddica internacional e, n\u00e3o s\u00f3 na Am\u00e9rica Latina <\/strong><strong>mas em todo o mundo\u201d<\/strong><\/p>\r\n<!-- \/wp:paragraph -->\r\n\r\n<!-- wp:paragraph \/-->\r\n\r\n<!-- wp:list -->\r\n<ul>\r\n<li><em>100 Institui\u00e7\u00f5es judici\u00e1rias de 22 Estados ibero-americanos, em conjunto com organiza\u00e7\u00f5es como a Eurojust e a Interpol, poder\u00e3o partilhar informa\u00e7\u00f5es e consultas jur\u00eddicas e judici\u00e1rias em mat\u00e9ria civil e penal<\/em><\/li>\r\n<li><em>Juan Carlos Campo, Ministro da Justi\u00e7a da Espanha, destacou que: &#8220;Iber@ ser\u00e1 um dique contra o crime na Am\u00e9rica Latina&#8221;<\/em><\/li>\r\n<li><em>Jos\u00e9 \u00c1ngel Mart\u00ednez Sanchiz, presidente do Conselho Geral dos Not\u00e1rios, referiu que \u201co desenvolvimento do Iber@ \u00e9 um acontecimento hist\u00f3rico na luta contra a criminalidade e \u00e9 um exemplo a seguir a n\u00edvel mundial\u201d<\/em><\/li>\r\n<li><em>Jorge Abbot Charme, Presidente da Associa\u00e7\u00e3o Ibero-americana de Minist\u00e9rios P\u00fablicos (AIAMP) e Procurador-Geral do Chile, destacou que &#8220;esta plataforma permitir\u00e1 fortalecer o combate a crimes como a corrup\u00e7\u00e3o, o tr\u00e1fico de pessoas e o combate \u00e0s drogas&#8221;<\/em><\/li>\r\n<li><em>Elena Mart\u00ednez, representante da Cimeira Judicial Ibero-americana e Ministra do Supremo Tribunal de Justi\u00e7a do Uruguai, destacou que &#8220;a IberRed contribui para a cria\u00e7\u00e3o de um espa\u00e7o jur\u00eddico com mecanismos refor\u00e7ados de prote\u00e7\u00e3o judicial efetiva, \u00e0 disposi\u00e7\u00e3o dos operadores legais&#8221;<\/em><\/li>\r\n<\/ul>\r\n<!-- \/wp:list -->\r\n\r\n<!-- wp:paragraph -->\r\n<p><strong>_______________________________________________<\/strong><\/p>\r\n<!-- \/wp:paragraph -->\r\n\r\n<!-- wp:paragraph -->\r\n<p>Madrid, 23 de mar\u00e7o de 2021.<\/p>\r\n<!-- \/wp:paragraph -->\r\n\r\n<!-- wp:paragraph -->\r\n<p>Na segunda-feira teve lugar na sede do Conselho Geral dos Not\u00e1rios de Madrid o evento &#8220;Para um novo modelo de coopera\u00e7\u00e3o jur\u00eddica internacional: IberRed e a nova Plataforma Iber@&#8221;, o qual foi seguido por mais de 200 participantes de toda a Am\u00e9rica Latina, em tempo real via Internet.<\/p>\r\n<!-- \/wp:paragraph -->\r\n\r\n<!-- wp:paragraph -->\r\n<p>O evento foi presidido por Juan Carlos Campo, Ministro da Justi\u00e7a da Espanha, e liderado por Enrique Gil Botero, Secret\u00e1rio-Geral da IberRed. Jos\u00e9 \u00c1ngel Mart\u00ednez Sanchiz acolheu o evento na qualidade de Presidente do Conselho Geral dos Not\u00e1rios (CGN). Tamb\u00e9m participaram, como representantes das institui\u00e7\u00f5es que integram a IberRed, Jorge Abbott Charme, Presidente da Associa\u00e7\u00e3o Ibero-americana de Minist\u00e9rios P\u00fablicos (AIAMP) e Procurador-Geral da Rep\u00fablica do Chile, e Elena Mart\u00ednez, representante da Cimeira Judicial Ibero-americana, Ministra da Corte Suprema de Justi\u00e7a do Uruguai.<\/p>\r\n<!-- \/wp:paragraph -->\r\n\r\n<!-- wp:paragraph -->\r\n<p>Durante o encontro, foi apresentada a plataforma Iber@ da IberRed, desenvolvida pela ag\u00eancia de tecnologia do CGN.<\/p>\r\n<!-- \/wp:paragraph -->\r\n\r\n<!-- wp:paragraph -->\r\n<p>O evento contou com a presen\u00e7a virtual da Ministra da Justi\u00e7a de Portugal, Dra. Francisca Van Dunem, Embaixadores e C\u00f4nsules dos pa\u00edses ibero-americanos, e altos funcion\u00e1rios da Justi\u00e7a de ambos os lados do Oceano Atl\u00e2ntico.<\/p>\r\n<!-- \/wp:paragraph -->\r\n\r\n<!-- wp:paragraph -->\r\n<p>O evento contou ainda com a presen\u00e7a de diversas personalidades do meio jur\u00eddico de Espanha, como Dolores Delgado, Procuradora-Geral do Estado; Ana Gallego, Diretora Geral de Coopera\u00e7\u00e3o Jur\u00eddica Internacional e Direitos Humanos do Minist\u00e9rio da Justi\u00e7a; Rosa Ana Mor\u00e1n, Procuradora da C\u00e2mara de Coopera\u00e7\u00e3o Jur\u00eddica Internacional; Juan Mart\u00ednez Moya, Membro do Conselho Geral da Magistratura; Alfonso Cavall\u00e9, reitor do Col\u00e9gio Notarial das Ilhas Can\u00e1rias e delegado pela Espanha do CGN.<\/p>\r\n<!-- \/wp:paragraph -->\r\n\r\n<!-- wp:paragraph -->\r\n<p>Na sua interven\u00e7\u00e3o, Enrique Gil Botero destacou que \u201cIber@ re\u00fane mais de cem institui\u00e7\u00f5es de justi\u00e7a dos 22 pa\u00edses que comp\u00f5em a Comunidade Ibero-americana de Na\u00e7\u00f5es em um sistema informatizado fechado, com a m\u00e1xima garantia de seguran\u00e7a para trocas r\u00e1pidas e confi\u00e1veis \u200b\u200bde solicita\u00e7\u00f5es de coopera\u00e7\u00e3o jur\u00eddica e judici\u00e1ria, incorporando funcionalidades como a videoconfer\u00eancia ou a assinatura digital. Representa um passo em frente em termos de inova\u00e7\u00e3o na coopera\u00e7\u00e3o jur\u00eddica e judici\u00e1ria internacional, que estende as fronteiras a outras redes como a Eurojust e a Interpol e tamb\u00e9m, no futuro, a pa\u00edses terceiros. Come\u00e7ou a revolu\u00e7\u00e3o da coopera\u00e7\u00e3o jur\u00eddica e judici\u00e1ria internacional, n\u00e3o s\u00f3 na Am\u00e9rica Latina, mas em todo o mundo\u201d. O Secret\u00e1rio-Geral da IberRed apresentou alguns casos pr\u00e1ticos que podem ser realizados a partir da nova plataforma: \u201cOs pedidos de aux\u00edlio judici\u00e1rio m\u00fatuo entre autoridades centrais canalizados atrav\u00e9s de Iber@ ter\u00e3o validade jur\u00eddica; algo que, por exemplo, permitir\u00e1 o processamento da extradi\u00e7\u00e3o entre dois pa\u00edses exclusivamente atrav\u00e9s da plataforma Iber@ sem necessidade de envios em papel, o que ir\u00e1 agilizar os arquivos de assist\u00eancia internacional, reduzindo drasticamente tempos de gest\u00e3o, custos e erros\u201d.<\/p>\r\n<!-- \/wp:paragraph -->\r\n\r\n<!-- wp:paragraph -->\r\n<p>Jorge Abbot Charme destacou que \u201cesta plataforma permitir\u00e1 fortalecer a luta contra crimes como a corrup\u00e7\u00e3o ou o tr\u00e1fico de pessoas, e o combate \u00e0s drogas; \u00e9 um claro exemplo de coopera\u00e7\u00e3o entre Estados e poderes p\u00fablicos e contribuir\u00e1 para a constru\u00e7\u00e3o de sociedades mais justas e pac\u00edficas, proporcionando maior prote\u00e7\u00e3o \u00e0s v\u00edtimas e garantindo o acesso \u00e0 Justi\u00e7a\u201d.<\/p>\r\n<!-- \/wp:paragraph -->\r\n\r\n<!-- wp:paragraph -->\r\n<p>Elena Mart\u00ednez salientou que \u201ca IberRed \u00e9 uma estrutura formada por autoridades centrais e poderes judiciais de diversos Estados ibero-americanos. Tem como objetivo otimizar os instrumentos judiciais civis e penais e contribuir para a cria\u00e7\u00e3o de um espa\u00e7o jur\u00eddico com mecanismos refor\u00e7ados de prote\u00e7\u00e3o judicial efetiva, \u00e0 disposi\u00e7\u00e3o dos operadores legais&#8221;.<\/p>\r\n<!-- \/wp:paragraph -->\r\n\r\n<!-- wp:paragraph -->\r\n<p>Jos\u00e9 \u00c1ngel Mart\u00ednez Sanchiz agradeceu &#8220;a confian\u00e7a depositada nos not\u00e1rios espanh\u00f3is para o desenvolvimento tecnol\u00f3gico de Iber@&#8221; e destacou a liga\u00e7\u00e3o entre os not\u00e1rios e o projeto: &#8220;Agradecemos a contribui\u00e7\u00e3o feita na Am\u00e9rica em termos de princ\u00edpios comuns, como a solidariedade e a organiza\u00e7\u00e3o internacional, Institui\u00e7\u00f5es como a IberRed s\u00e3o disso claro exemplo. Os not\u00e1rios s\u00e3o funcion\u00e1rios p\u00fablicos e colaboramos com as Administra\u00e7\u00f5es em mat\u00e9rias como a luta contra o branqueamento de capitais; sabemos colocar o interesse geral \u00e0 frente de qualquer outro crit\u00e9rio.\u201d \u201cIber@ \u00e9 um evento hist\u00f3rico na luta contra o crime e \u00e9 um exemplo a seguir. Esperamos que nos pr\u00f3ximos anos os not\u00e1rios ibero-americanos possam desenvolver uma plataforma semelhante que proporcione um espa\u00e7o de colabora\u00e7\u00e3o e interc\u00e2mbio\u201d, concluiu.<\/p>\r\n<!-- \/wp:paragraph -->\r\n\r\n<!-- wp:paragraph -->\r\n<p>Ao encerrar o evento, Juan Carlos Campo destacou que &#8220;Iber@ \u00e9 o resultado de um projeto compartilhado do espa\u00e7o jur\u00eddico ibero-americano. Esta alian\u00e7a estrat\u00e9gica \u00e9 fundamental para o progresso da Regi\u00e3o e ser\u00e1 uma barreira contra o crime. Este projeto \u00e9 o melhor instrumento poss\u00edvel ao servi\u00e7o dos governos na luta contra a impunidade: permitir\u00e1 analisar problemas como o rapto de menores, melhorar o tr\u00e1fico jur\u00eddico privado ou facilitar a compreens\u00e3o dos sistemas jur\u00eddicos de diferentes pa\u00edses\u201d. \u201cO \u00e2mbito operacional da Iber@ \u00e9 imenso. \u00c9 uma verdadeira realidade que nos permite lan\u00e7ar um olhar otimista para a coopera\u00e7\u00e3o jur\u00eddica internacional, eliminando atrasos e apostando na transforma\u00e7\u00e3o digital\u201d, afirmou o Ministro da Justi\u00e7a de Espanha.<\/p>\r\n<!-- \/wp:paragraph -->\r\n\r\n<!-- wp:paragraph -->\r\n<p>A nova Plataforma Iber@ est\u00e1 dispon\u00edvel no seguinte endere\u00e7o:<\/p>\r\n<!-- \/wp:paragraph -->\r\n\r\n<!-- wp:paragraph -->\r\n<p><a href=\"https:\/\/iberred.notariado.org\">https:\/\/iberred.notariado.org<\/a><\/p>\r\n<!-- \/wp:paragraph -->","protected":false},"excerpt":{"rendered":"<p>&nbsp; IberRed apresentou a sua nova plataforma de coopera\u00e7\u00e3o jur\u00eddica e judici\u00e1ria, desenvolvida pela ag\u00eancia de tecnologia do Conselho Geral de Not\u00e1rios Enrique Gil Botero: \u201cIber@ \u00e9 a revolu\u00e7\u00e3o na coopera\u00e7\u00e3o jur\u00eddica internacional e, n\u00e3o s\u00f3 na Am\u00e9rica Latina mas em todo o mundo\u201d 100 Institui\u00e7\u00f5es judici\u00e1rias de 22 Estados ibero-americanos, em conjunto com organiza\u00e7\u00f5es [&hellip;]<\/p>\n","protected":false},"author":34416,"featured_media":5691,"comment_status":"closed","ping_status":"closed","sticky":false,"template":"","format":"standard","meta":{"_et_pb_use_builder":"","_et_pb_old_content":"","_et_gb_content_width":"","footnotes":""},"categories":[116],"tags":[117],"class_list":["post-6529","post","type-post","status-publish","format-standard","has-post-thumbnail","hentry","category-noticias-pt-pt-pt","tag-noticias-pt-pt-pt"],"_links":{"self":[{"href":"https:\/\/comjib.org\/pt-pt\/wp-json\/wp\/v2\/posts\/6529","targetHints":{"allow":["GET"]}}],"collection":[{"href":"https:\/\/comjib.org\/pt-pt\/wp-json\/wp\/v2\/posts"}],"about":[{"href":"https:\/\/comjib.org\/pt-pt\/wp-json\/wp\/v2\/types\/post"}],"author":[{"embeddable":true,"href":"https:\/\/comjib.org\/pt-pt\/wp-json\/wp\/v2\/users\/34416"}],"replies":[{"embeddable":true,"href":"https:\/\/comjib.org\/pt-pt\/wp-json\/wp\/v2\/comments?post=6529"}],"version-history":[{"count":3,"href":"https:\/\/comjib.org\/pt-pt\/wp-json\/wp\/v2\/posts\/6529\/revisions"}],"predecessor-version":[{"id":6532,"href":"https:\/\/comjib.org\/pt-pt\/wp-json\/wp\/v2\/posts\/6529\/revisions\/6532"}],"wp:featuredmedia":[{"embeddable":true,"href":"https:\/\/comjib.org\/pt-pt\/wp-json\/wp\/v2\/media\/5691"}],"wp:attachment":[{"href":"https:\/\/comjib.org\/pt-pt\/wp-json\/wp\/v2\/media?parent=6529"}],"wp:term":[{"taxonomy":"category","embeddable":true,"href":"https:\/\/comjib.org\/pt-pt\/wp-json\/wp\/v2\/categories?post=6529"},{"taxonomy":"post_tag","embeddable":true,"href":"https:\/\/comjib.org\/pt-pt\/wp-json\/wp\/v2\/tags?post=6529"}],"curies":[{"name":"wp","href":"https:\/\/api.w.org\/{rel}","templated":true}]}}