{"id":6518,"date":"2021-07-02T11:20:09","date_gmt":"2021-07-02T09:20:09","guid":{"rendered":"https:\/\/comjib.org\/?p=6518"},"modified":"2024-12-23T13:20:28","modified_gmt":"2024-12-23T12:20:28","slug":"equador-assina-o-tratado-de-medellin","status":"publish","type":"post","link":"https:\/\/comjib.org\/pt-pt\/equador-assina-o-tratado-de-medellin\/","title":{"rendered":"Equador assina o Tratado de Medell\u00edn"},"content":{"rendered":"<p>A Rep\u00fablica do Equador \u00e9 o d\u00e9cimo primeiro pa\u00eds a assinar o Tratado de Medell\u00edn que acelera a coopera\u00e7\u00e3o jur\u00eddica internacional, promovido pela COMJIB. O Tratado Relativo \u00e0 Transmiss\u00e3o Eletr\u00f3nica de Pedidos de Coopera\u00e7\u00e3o Jur\u00eddica e Judici\u00e1ria Internacional Entre Autoridades Centrais, conhecido como Tratado de Medell\u00edn, j\u00e1 conta com as assinaturas da Argentina, Brasil, Chile, Col\u00f4mbia, Equador, Paraguai, Portugal e Uruguai, al\u00e9m de tr\u00eas ratifica\u00e7\u00f5es, Andorra, Cuba e Espanha, o que permite a sua entrada em vigor, que est\u00e1 prevista para 31 de agosto de 2021. A partir desse momento, o Tratado de Medell\u00edn ficar\u00e1 aberto \u00e0 ades\u00e3o de Estados que n\u00e3o fazem parte da COMJIB, oferecendo esta valiosa ferramenta a todos os pa\u00edses do mundo.<\/p>\n<p>A Linha de Trabalho da COMJIB sobre <em>Coopera\u00e7\u00e3o Jur\u00eddica Internacional, IberRed e luta contra o crime organizado transnacional<\/em>, preparou uma s\u00e9rie de perguntas frequentes com respostas que ajudar\u00e3o a compreender melhor o objetivo e o funcionamento do Tratado de Medell\u00edn. Pode baixar o documento atrav\u00e9s do seguinte link:<\/p>\n<p><a href=\"\/wp-content\/uploads\/2021\/07\/Perguntas-frequentes-Tratado-de-Medellin-PT.pdf\" target=\"_blank\" rel=\"noopener noreferrer\">Perguntas frequentes Tratado de Medellin<img loading=\"lazy\" decoding=\"async\" class=\"alignnone size-full wp-image-1084\" src=\"https:\/\/comjib.org\/wp-content\/uploads\/2016\/12\/pdficon.png\" alt=\"\" width=\"30\" height=\"30\" \/><\/a><\/p>\n","protected":false},"excerpt":{"rendered":"<p>A Rep\u00fablica do Equador \u00e9 o d\u00e9cimo primeiro pa\u00eds a assinar o Tratado de Medell\u00edn que acelera a coopera\u00e7\u00e3o jur\u00eddica internacional, promovido pela COMJIB. O Tratado Relativo \u00e0 Transmiss\u00e3o Eletr\u00f3nica de Pedidos de Coopera\u00e7\u00e3o Jur\u00eddica e Judici\u00e1ria Internacional Entre Autoridades Centrais, conhecido como Tratado de Medell\u00edn, j\u00e1 conta com as assinaturas da Argentina, Brasil, Chile, [&hellip;]<\/p>\n","protected":false},"author":34416,"featured_media":5560,"comment_status":"closed","ping_status":"closed","sticky":false,"template":"","format":"standard","meta":{"_et_pb_use_builder":"","_et_pb_old_content":"","_et_gb_content_width":"","footnotes":""},"categories":[116],"tags":[114,117],"class_list":["post-6518","post","type-post","status-publish","format-standard","has-post-thumbnail","hentry","category-noticias-pt-pt-pt","tag-conferencias-pt-pt","tag-noticias-pt-pt-pt"],"_links":{"self":[{"href":"https:\/\/comjib.org\/pt-pt\/wp-json\/wp\/v2\/posts\/6518","targetHints":{"allow":["GET"]}}],"collection":[{"href":"https:\/\/comjib.org\/pt-pt\/wp-json\/wp\/v2\/posts"}],"about":[{"href":"https:\/\/comjib.org\/pt-pt\/wp-json\/wp\/v2\/types\/post"}],"author":[{"embeddable":true,"href":"https:\/\/comjib.org\/pt-pt\/wp-json\/wp\/v2\/users\/34416"}],"replies":[{"embeddable":true,"href":"https:\/\/comjib.org\/pt-pt\/wp-json\/wp\/v2\/comments?post=6518"}],"version-history":[{"count":1,"href":"https:\/\/comjib.org\/pt-pt\/wp-json\/wp\/v2\/posts\/6518\/revisions"}],"predecessor-version":[{"id":6519,"href":"https:\/\/comjib.org\/pt-pt\/wp-json\/wp\/v2\/posts\/6518\/revisions\/6519"}],"wp:featuredmedia":[{"embeddable":true,"href":"https:\/\/comjib.org\/pt-pt\/wp-json\/wp\/v2\/media\/5560"}],"wp:attachment":[{"href":"https:\/\/comjib.org\/pt-pt\/wp-json\/wp\/v2\/media?parent=6518"}],"wp:term":[{"taxonomy":"category","embeddable":true,"href":"https:\/\/comjib.org\/pt-pt\/wp-json\/wp\/v2\/categories?post=6518"},{"taxonomy":"post_tag","embeddable":true,"href":"https:\/\/comjib.org\/pt-pt\/wp-json\/wp\/v2\/tags?post=6518"}],"curies":[{"name":"wp","href":"https:\/\/api.w.org\/{rel}","templated":true}]}}