{"id":6499,"date":"2021-11-11T10:27:42","date_gmt":"2021-11-11T09:27:42","guid":{"rendered":"https:\/\/comjib.org\/?p=6499"},"modified":"2024-12-23T12:57:42","modified_gmt":"2024-12-23T11:57:42","slug":"reuniao-de-coordenadores-nacionais-da-comjib-2021","status":"publish","type":"post","link":"https:\/\/comjib.org\/pt-pt\/reuniao-de-coordenadores-nacionais-da-comjib-2021\/","title":{"rendered":"Reuni\u00e3o de Coordenadores Nacionais da COMJIB 2021"},"content":{"rendered":"<p>Nos dias 28 e 29 de setembro\u00a0 teve lugar, por meio virtual, \u00a0a Reuni\u00e3o Anual de Coordenadores e Coordenadoras Nacionais da COMJIB, \u00a0com o apoio do Minist\u00e9rio da Justi\u00e7a de Cuba. A reuni\u00e3o teve o prop\u00f3sito de preparar \u00a0a XXII Assembleia Plen\u00e1ria Ordin\u00e1ria da Confer\u00eancia, que se realizar\u00e1 em Sucre, Bol\u00edvia, em junho de 2022.<\/p>\r\n<!-- \/wp:post-content -->\r\n\r\n<!-- wp:paragraph -->\r\n<p>No primeiro dia de agenda, foram revistas\u00a0 as atividades e propostas que possam levar ao fortalecimento da justi\u00e7a no espa\u00e7o Ibero-americano; no segundo dia foram discutidas as prioridades a serem desenvolvidas\u00a0 no \u00a0per\u00edodo 2022-2023. A reuni\u00e3o contou com a presen\u00e7a dos representantes de Andorra, Argentina, Bol\u00edvia, Brasil, Chile, Col\u00f4mbia, Cuba, Equador, Espanha, Honduras, M\u00e9xico, Paraguai, Portugal, Rep\u00fablica Dominicana e Uruguai, que, entre outras atividades, validaram o Guia Pr\u00e1tico de funcionamento das Linhas de Trabalho da COMJIB.<\/p>\r\n<!-- \/wp:paragraph -->\r\n\r\n<!-- wp:paragraph -->\r\n<p>A Reuni\u00e3o foi encerrada com as interven\u00e7\u00f5es \u00a0Vice-Ministro da Justi\u00e7a e Direitos Fundamentais da Bol\u00edvia, C\u00e9sar Adalid Siles Baz\u00e1n, e da Vice-Ministra da Justi\u00e7a de Cuba, Pilar Varona Estrada.<\/p>\r\n<!-- \/wp:paragraph --><!--Fin PDF--><!--PDF-->\r\n<p><a href=\"\/wp-content\/uploads\/2021\/11\/Reuniao-Coordenadores-Nacionais-COMJIB-2021-PT.pdf\" target=\"_blank\" rel=\"noopener noreferrer\">Reuni\u00e3o Coordenadores Nacionais COMJIB 2021 PT<img loading=\"lazy\" decoding=\"async\" class=\"alignnone size-full wp-image-1084\" src=\"https:\/\/comjib.org\/wp-content\/uploads\/2016\/12\/pdficon.png\" alt=\"\" width=\"30\" height=\"30\" \/><\/a><\/p>\r\n<!--Fin PDF--><!-- \/wp:html -->\r\n\r\n<!-- wp:paragraph --><!-- \/wp:paragraph -->","protected":false},"excerpt":{"rendered":"<p>Nos dias 28 e 29 de setembro\u00a0 teve lugar, por meio virtual, \u00a0a Reuni\u00e3o Anual de Coordenadores e Coordenadoras Nacionais da COMJIB, \u00a0com o apoio do Minist\u00e9rio da Justi\u00e7a de Cuba. A reuni\u00e3o teve o prop\u00f3sito de preparar \u00a0a XXII Assembleia Plen\u00e1ria Ordin\u00e1ria da Confer\u00eancia, que se realizar\u00e1 em Sucre, Bol\u00edvia, em junho de 2022. [&hellip;]<\/p>\n","protected":false},"author":34416,"featured_media":5709,"comment_status":"closed","ping_status":"closed","sticky":false,"template":"","format":"standard","meta":{"_et_pb_use_builder":"","_et_pb_old_content":"","_et_gb_content_width":"","footnotes":""},"categories":[116],"tags":[117],"class_list":["post-6499","post","type-post","status-publish","format-standard","has-post-thumbnail","hentry","category-noticias-pt-pt-pt","tag-noticias-pt-pt-pt"],"_links":{"self":[{"href":"https:\/\/comjib.org\/pt-pt\/wp-json\/wp\/v2\/posts\/6499","targetHints":{"allow":["GET"]}}],"collection":[{"href":"https:\/\/comjib.org\/pt-pt\/wp-json\/wp\/v2\/posts"}],"about":[{"href":"https:\/\/comjib.org\/pt-pt\/wp-json\/wp\/v2\/types\/post"}],"author":[{"embeddable":true,"href":"https:\/\/comjib.org\/pt-pt\/wp-json\/wp\/v2\/users\/34416"}],"replies":[{"embeddable":true,"href":"https:\/\/comjib.org\/pt-pt\/wp-json\/wp\/v2\/comments?post=6499"}],"version-history":[{"count":3,"href":"https:\/\/comjib.org\/pt-pt\/wp-json\/wp\/v2\/posts\/6499\/revisions"}],"predecessor-version":[{"id":6503,"href":"https:\/\/comjib.org\/pt-pt\/wp-json\/wp\/v2\/posts\/6499\/revisions\/6503"}],"wp:featuredmedia":[{"embeddable":true,"href":"https:\/\/comjib.org\/pt-pt\/wp-json\/wp\/v2\/media\/5709"}],"wp:attachment":[{"href":"https:\/\/comjib.org\/pt-pt\/wp-json\/wp\/v2\/media?parent=6499"}],"wp:term":[{"taxonomy":"category","embeddable":true,"href":"https:\/\/comjib.org\/pt-pt\/wp-json\/wp\/v2\/categories?post=6499"},{"taxonomy":"post_tag","embeddable":true,"href":"https:\/\/comjib.org\/pt-pt\/wp-json\/wp\/v2\/tags?post=6499"}],"curies":[{"name":"wp","href":"https:\/\/api.w.org\/{rel}","templated":true}]}}