{"id":6490,"date":"2022-02-04T11:07:19","date_gmt":"2022-02-04T10:07:19","guid":{"rendered":"https:\/\/comjib.org\/?p=6490"},"modified":"2024-12-23T12:53:51","modified_gmt":"2024-12-23T11:53:51","slug":"uruguai-ratifica-a-convencao-ibero-americana-de-cooperacao-em-materia-de-cibercriminalidade","status":"publish","type":"post","link":"https:\/\/comjib.org\/pt-pt\/uruguai-ratifica-a-convencao-ibero-americana-de-cooperacao-em-materia-de-cibercriminalidade\/","title":{"rendered":"Uruguai ratifica a Conven\u00e7\u00e3o Ibero-americana de Coopera\u00e7\u00e3o em Mat\u00e9ria de Cibercriminalidade"},"content":{"rendered":"\r\n\r\n\r\n<p>Hoje, 26 de janeiro de 2022, a Embaixadora da Rep\u00fablica Oriental do Uruguai perante o Reino da Espanha, Ana Teresa Ayala Barrios, depositou na Secretaria-Geral da Confer\u00eancia de Ministros da Justi\u00e7a dos Pa\u00edses Ibero-Americanos (COMJIB) o instrumento de Ratifica\u00e7\u00e3o da Conven\u00e7\u00e3o Ibero-americana de Coopera\u00e7\u00e3o sobre Investiga\u00e7\u00e3o, Conserva\u00e7\u00e3o e Obten\u00e7\u00e3o de Provas em Mat\u00e9ria de Cibercriminalidade.<\/p>\r\n\r\n\r\n\r\n<p>A Conven\u00e7\u00e3o facilita a investiga\u00e7\u00e3o e obten\u00e7\u00e3o de provas digitais entre as autoridades competentes dos Estados signat\u00e1rios, agilizando a coopera\u00e7\u00e3o m\u00fatua em mat\u00e9ria de cibercrime. Este instrumento, n\u00e3o constituindo uma substitui\u00e7\u00e3o, refor\u00e7a a Conven\u00e7\u00e3o de Budapeste sobre o Cibercrime, de 2001, do Conselho da Europa, nos aspetos relacionados com as provas neste tipo de crime.<\/p>\r\n\r\n\r\n\r\n<p>A Conven\u00e7\u00e3o, de iniciativa da COMJIB foi assinada por Guatemala, Nicar\u00e1gua, Peru, Portugal e Uruguai, em 28 de maio de 2014 na cidade de Madrid, e, posteriormente, pela Costa Rica e M\u00e9xico. Cuba foi o primeiro pa\u00eds a depositar o instrumento de ratifica\u00e7\u00e3o em 2016 e hoje a Rep\u00fablica Oriental do Uruguai torna-se o segundo pa\u00eds a ratificar a Conven\u00e7\u00e3o. Dessa forma, mais um passo \u00e9 dado para promover a entrada em vigor, uma vez que a Conven\u00e7\u00e3o estipula que a esta entrar\u00e1 em vigor a partir de 30 dias ap\u00f3s o terceiro dep\u00f3sito do instrumento de ratifica\u00e7\u00e3o.<\/p>\r\n\r\n\r\n\r\n<p>Poder\u00e1 consultar o texto da Conven\u00e7\u00e3o Ibero-americana de Coopera\u00e7\u00e3o sobre Investiga\u00e7\u00e3o, Conserva\u00e7\u00e3o e Obten\u00e7\u00e3o de Provas em Mat\u00e9ria de Cibercriminalidade atrav\u00e9s da seguinte liga\u00e7\u00e3o:<\/p>\r\n\r\n\r\n\r\n<p><a href=\"https:\/\/drive.google.com\/file\/d\/1x7LQNa0Cpfrzu3dOcyXRDdrTnTSG0Rfm\/view?usp=sharing\">https:\/\/drive.google.com\/file\/d\/1x7LQNa0Cpfrzu3dOcyXRDdrTnTSG0Rfm\/view?usp=sharing<\/a><\/p>\r\n\r\n\r\n","protected":false},"excerpt":{"rendered":"<p>Hoje, 26 de janeiro de 2022, a Embaixadora da Rep\u00fablica Oriental do Uruguai perante o Reino da Espanha, Ana Teresa Ayala Barrios, depositou na Secretaria-Geral da Confer\u00eancia de Ministros da Justi\u00e7a dos Pa\u00edses Ibero-Americanos (COMJIB) o instrumento de Ratifica\u00e7\u00e3o da Conven\u00e7\u00e3o Ibero-americana de Coopera\u00e7\u00e3o sobre Investiga\u00e7\u00e3o, Conserva\u00e7\u00e3o e Obten\u00e7\u00e3o de Provas em Mat\u00e9ria de Cibercriminalidade. [&hellip;]<\/p>\n","protected":false},"author":34416,"featured_media":5714,"comment_status":"closed","ping_status":"closed","sticky":false,"template":"","format":"standard","meta":{"_et_pb_use_builder":"","_et_pb_old_content":"","_et_gb_content_width":"","footnotes":""},"categories":[116],"tags":[117],"class_list":["post-6490","post","type-post","status-publish","format-standard","has-post-thumbnail","hentry","category-noticias-pt-pt-pt","tag-noticias-pt-pt-pt"],"_links":{"self":[{"href":"https:\/\/comjib.org\/pt-pt\/wp-json\/wp\/v2\/posts\/6490","targetHints":{"allow":["GET"]}}],"collection":[{"href":"https:\/\/comjib.org\/pt-pt\/wp-json\/wp\/v2\/posts"}],"about":[{"href":"https:\/\/comjib.org\/pt-pt\/wp-json\/wp\/v2\/types\/post"}],"author":[{"embeddable":true,"href":"https:\/\/comjib.org\/pt-pt\/wp-json\/wp\/v2\/users\/34416"}],"replies":[{"embeddable":true,"href":"https:\/\/comjib.org\/pt-pt\/wp-json\/wp\/v2\/comments?post=6490"}],"version-history":[{"count":2,"href":"https:\/\/comjib.org\/pt-pt\/wp-json\/wp\/v2\/posts\/6490\/revisions"}],"predecessor-version":[{"id":6493,"href":"https:\/\/comjib.org\/pt-pt\/wp-json\/wp\/v2\/posts\/6490\/revisions\/6493"}],"wp:featuredmedia":[{"embeddable":true,"href":"https:\/\/comjib.org\/pt-pt\/wp-json\/wp\/v2\/media\/5714"}],"wp:attachment":[{"href":"https:\/\/comjib.org\/pt-pt\/wp-json\/wp\/v2\/media?parent=6490"}],"wp:term":[{"taxonomy":"category","embeddable":true,"href":"https:\/\/comjib.org\/pt-pt\/wp-json\/wp\/v2\/categories?post=6490"},{"taxonomy":"post_tag","embeddable":true,"href":"https:\/\/comjib.org\/pt-pt\/wp-json\/wp\/v2\/tags?post=6490"}],"curies":[{"name":"wp","href":"https:\/\/api.w.org\/{rel}","templated":true}]}}