{"id":6476,"date":"2022-03-14T09:32:54","date_gmt":"2022-03-14T08:32:54","guid":{"rendered":"https:\/\/comjib.org\/?p=6476"},"modified":"2024-12-23T12:49:27","modified_gmt":"2024-12-23T11:49:27","slug":"bolivia-assina-o-tratado-de-medellin","status":"publish","type":"post","link":"https:\/\/comjib.org\/pt-pt\/bolivia-assina-o-tratado-de-medellin\/","title":{"rendered":"Bol\u00edvia assina o Tratado de Medell\u00edn"},"content":{"rendered":"<p>Na quinta-feira, 3 de mar\u00e7o de 2022, o Estado Plurinacional da Bol\u00edvia, representado por S. Ex.\u00aa a Embaixadora, Sra. Nardi Suxo Iturry, depositou a assinatura do Tratado de Medell\u00edn na sede da COMJIB. \u00c9 o d\u00e9cimo segundo pa\u00eds a assinar o Tratado Relativo \u00e0 Transmiss\u00e3o Eletr\u00f3nica de Pedidos de Coopera\u00e7\u00e3o Jur\u00eddica e Judici\u00e1ria Internacional Entre Autoridades Centrais, depois de Argentina, Brasil, Chile, Col\u00f4mbia, Espanha, Paraguai, Portugal, Uruguai, Andorra, Cuba e Equador.<\/p>\r\n<!-- \/wp:post-content -->\r\n\r\n<!-- wp:paragraph -->\r\n<p>O Tratado de Medell\u00edn j\u00e1 conta com tr\u00eas ratifica\u00e7\u00f5es, por Andorra, Cuba e Espanha, que, juntamente com a aprova\u00e7\u00e3o do Regulamento de Financiamento do Tratado durante a Comemora\u00e7\u00e3o do 50\u00ba Anivers\u00e1rio da COMJIB, realizada entre 15 e 17 de fevereiro na cidade de Barranquilla, na Col\u00f4mbia, permitiu a sua entrada em vigor. A partir deste momento, o acordo tamb\u00e9m est\u00e1 aberto \u00e0 ades\u00e3o de terceiros Estados.<\/p>\r\n<!-- \/wp:paragraph -->\r\n\r\n<!-- wp:paragraph -->\r\n<p>Como salientou o Secret\u00e1rio-Geral da COMJIB, Enrique Gil Botero, a entrada em vigor deste acordo internacional representa \u201cum momento transcendental para a coopera\u00e7\u00e3o internacional e para o fortalecimento da justi\u00e7a\u201d.<\/p>\r\n<!-- \/wp:paragraph -->\r\n\r\n<!-- wp:paragraph \/-->","protected":false},"excerpt":{"rendered":"<p>Na quinta-feira, 3 de mar\u00e7o de 2022, o Estado Plurinacional da Bol\u00edvia, representado por S. Ex.\u00aa a Embaixadora, Sra. Nardi Suxo Iturry, depositou a assinatura do Tratado de Medell\u00edn na sede da COMJIB. \u00c9 o d\u00e9cimo segundo pa\u00eds a assinar o Tratado Relativo \u00e0 Transmiss\u00e3o Eletr\u00f3nica de Pedidos de Coopera\u00e7\u00e3o Jur\u00eddica e Judici\u00e1ria Internacional Entre [&hellip;]<\/p>\n","protected":false},"author":34416,"featured_media":5726,"comment_status":"closed","ping_status":"closed","sticky":false,"template":"","format":"standard","meta":{"_et_pb_use_builder":"","_et_pb_old_content":"","_et_gb_content_width":"","footnotes":""},"categories":[116],"tags":[117],"class_list":["post-6476","post","type-post","status-publish","format-standard","has-post-thumbnail","hentry","category-noticias-pt-pt-pt","tag-noticias-pt-pt-pt"],"_links":{"self":[{"href":"https:\/\/comjib.org\/pt-pt\/wp-json\/wp\/v2\/posts\/6476","targetHints":{"allow":["GET"]}}],"collection":[{"href":"https:\/\/comjib.org\/pt-pt\/wp-json\/wp\/v2\/posts"}],"about":[{"href":"https:\/\/comjib.org\/pt-pt\/wp-json\/wp\/v2\/types\/post"}],"author":[{"embeddable":true,"href":"https:\/\/comjib.org\/pt-pt\/wp-json\/wp\/v2\/users\/34416"}],"replies":[{"embeddable":true,"href":"https:\/\/comjib.org\/pt-pt\/wp-json\/wp\/v2\/comments?post=6476"}],"version-history":[{"count":2,"href":"https:\/\/comjib.org\/pt-pt\/wp-json\/wp\/v2\/posts\/6476\/revisions"}],"predecessor-version":[{"id":6479,"href":"https:\/\/comjib.org\/pt-pt\/wp-json\/wp\/v2\/posts\/6476\/revisions\/6479"}],"wp:featuredmedia":[{"embeddable":true,"href":"https:\/\/comjib.org\/pt-pt\/wp-json\/wp\/v2\/media\/5726"}],"wp:attachment":[{"href":"https:\/\/comjib.org\/pt-pt\/wp-json\/wp\/v2\/media?parent=6476"}],"wp:term":[{"taxonomy":"category","embeddable":true,"href":"https:\/\/comjib.org\/pt-pt\/wp-json\/wp\/v2\/categories?post=6476"},{"taxonomy":"post_tag","embeddable":true,"href":"https:\/\/comjib.org\/pt-pt\/wp-json\/wp\/v2\/tags?post=6476"}],"curies":[{"name":"wp","href":"https:\/\/api.w.org\/{rel}","templated":true}]}}