{"id":6470,"date":"2022-03-17T16:33:45","date_gmt":"2022-03-17T15:33:45","guid":{"rendered":"https:\/\/comjib.org\/?p=6470"},"modified":"2024-12-23T12:25:12","modified_gmt":"2024-12-23T11:25:12","slug":"publicaciones-de-las-lineas-de-trabajo-de-comjib","status":"publish","type":"post","link":"https:\/\/comjib.org\/pt-pt\/publicaciones-de-las-lineas-de-trabajo-de-comjib\/","title":{"rendered":"Publica\u00e7\u00f5es de linhas de trabalho COMJIB"},"content":{"rendered":"\r\n\r\n\r\n<p><em>L1 Linha de Acesso \u00e0 Justi\u00e7a e sinergias com o Programa Ibero-Americano de Acesso \u00e0 Justi\u00e7a (PIAJ)<\/em><\/p>\r\n\r\n\r\n\r\n<p><strong><a href=\"https:\/\/drive.google.com\/drive\/folders\/1XFHHhbKTC-XBVSZcAC15tNYOf2DBJ19Q\" target=\"_blank\" rel=\"noreferrer noopener\">An\u00e1lisis de los avances normativos y de pol\u00edticas p\u00fablicas en el marco del desarrollo de la Declaraci\u00f3n Iberoamericana de Justicia Juvenil Restaurativa<\/a><\/strong><\/p>\r\n\r\n\r\n\r\n\r\n\r\n<p><em>L2 Linha de Novas Tecnologias na Administra\u00e7\u00e3o da Justi\u00e7a.<\/em><\/p>\r\n\r\n\r\n\r\n\r\n\r\n<p><strong><a href=\"https:\/\/drive.google.com\/drive\/folders\/112uOQS_SzvFmVRuTEWFLALsEu1gtLdZg\" target=\"_blank\" rel=\"noreferrer noopener\">E-Book: Moderniza\u00e7\u00e3o e Servi\u00e7os Digitais da Administra\u00e7\u00e3o da Justi\u00e7a no Espa\u00e7o Ibero-Americano e medidas decorrentes da COVID-19<\/a><\/strong><\/p>\r\n\r\n\r\n\r\n\r\n\r\n<p><em>L3 Linha de Coopera\u00e7\u00e3o Jur\u00eddica Internacional, IberRed e Combate ao Crime Organizado.<\/em><\/p>\r\n\r\n\r\n\r\n<p><strong><a href=\"https:\/\/drive.google.com\/drive\/folders\/17CGHkZw5_el8dABiltYOv_8onxmu-g6g\" target=\"_blank\" rel=\"noreferrer noopener\">Buenas pr\u00e1cticas en materia de comunicaci\u00f3n formal e informal en cooperaci\u00f3n jur\u00eddica internacional a trav\u00e9s de medios electr\u00f3nicos e implementadas durante 2020 como consecuencia del COVID-19<\/a><\/strong><\/p>\r\n\r\n\r\n\r\n\r\n\r\n<p>L4 Linha de Reforma dos Sistemas Penitenci\u00e1rios.<\/p>\r\n\r\n\r\n\r\n<p><strong><a href=\"https:\/\/drive.google.com\/drive\/folders\/10Oy44gVJT-7hAs57zr4AIuFUd0Jejwkn\" target=\"_blank\" rel=\"noreferrer noopener\">La contribuci\u00f3n de la COMJIB a la humanizaci\u00f3n de los sistemas penitenciarios en Iberoam\u00e9rica<\/a><\/strong><\/p>\r\n\r\n\r\n\r\n\r\n\r\n<p><em>L5 Linha de Igualdade de G\u00e9nero.<\/em><\/p>\r\n\r\n\r\n\r\n<p><strong><a href=\"https:\/\/drive.google.com\/drive\/folders\/1NZUm4LIdhLRdVcGWiYI7JNf9awJQ7rAU\" target=\"_blank\" rel=\"noreferrer noopener\">Buenas pr\u00e1cticas de atenci\u00f3n, protecci\u00f3n y acceso a la justicia de las mujeres v\u00edctimas de violencia de g\u00e9nero en el contexto familiar en Iberoam\u00e9rica implementadas durante el COVID-19<\/a><\/strong><\/p>\r\n\r\n\r\n\r\n<p><strong><a href=\"https:\/\/drive.google.com\/drive\/folders\/1o6MabHKhKQMGBxY5MvcG649YjMdUbAwA?usp=sharing\" target=\"_blank\" rel=\"noreferrer noopener\">PROGRAMA DE FORMACI\u00d3N PARA LA PREVENCI\u00d3N Y ATENCI\u00d3N DE V\u00cdCTIMAS DE VIOLENCIAS DE G\u00c9NERO, DIRIGIDO A OPERADORES\/AS DE JUSTICIA<\/a><\/strong><\/p>\r\n","protected":false},"excerpt":{"rendered":"<p>L1 Linha de Acesso \u00e0 Justi\u00e7a e sinergias com o Programa Ibero-Americano de Acesso \u00e0 Justi\u00e7a (PIAJ) An\u00e1lisis de los avances normativos y de pol\u00edticas p\u00fablicas en el marco del desarrollo de la Declaraci\u00f3n Iberoamericana de Justicia Juvenil Restaurativa L2 Linha de Novas Tecnologias na Administra\u00e7\u00e3o da Justi\u00e7a. E-Book: Moderniza\u00e7\u00e3o e Servi\u00e7os Digitais da Administra\u00e7\u00e3o [&hellip;]<\/p>\n","protected":false},"author":34416,"featured_media":5727,"comment_status":"closed","ping_status":"closed","sticky":false,"template":"","format":"standard","meta":{"_et_pb_use_builder":"","_et_pb_old_content":"","_et_gb_content_width":"","footnotes":""},"categories":[116],"tags":[117],"class_list":["post-6470","post","type-post","status-publish","format-standard","has-post-thumbnail","hentry","category-noticias-pt-pt-pt","tag-noticias-pt-pt-pt"],"_links":{"self":[{"href":"https:\/\/comjib.org\/pt-pt\/wp-json\/wp\/v2\/posts\/6470","targetHints":{"allow":["GET"]}}],"collection":[{"href":"https:\/\/comjib.org\/pt-pt\/wp-json\/wp\/v2\/posts"}],"about":[{"href":"https:\/\/comjib.org\/pt-pt\/wp-json\/wp\/v2\/types\/post"}],"author":[{"embeddable":true,"href":"https:\/\/comjib.org\/pt-pt\/wp-json\/wp\/v2\/users\/34416"}],"replies":[{"embeddable":true,"href":"https:\/\/comjib.org\/pt-pt\/wp-json\/wp\/v2\/comments?post=6470"}],"version-history":[{"count":3,"href":"https:\/\/comjib.org\/pt-pt\/wp-json\/wp\/v2\/posts\/6470\/revisions"}],"predecessor-version":[{"id":6475,"href":"https:\/\/comjib.org\/pt-pt\/wp-json\/wp\/v2\/posts\/6470\/revisions\/6475"}],"wp:featuredmedia":[{"embeddable":true,"href":"https:\/\/comjib.org\/pt-pt\/wp-json\/wp\/v2\/media\/5727"}],"wp:attachment":[{"href":"https:\/\/comjib.org\/pt-pt\/wp-json\/wp\/v2\/media?parent=6470"}],"wp:term":[{"taxonomy":"category","embeddable":true,"href":"https:\/\/comjib.org\/pt-pt\/wp-json\/wp\/v2\/categories?post=6470"},{"taxonomy":"post_tag","embeddable":true,"href":"https:\/\/comjib.org\/pt-pt\/wp-json\/wp\/v2\/tags?post=6470"}],"curies":[{"name":"wp","href":"https:\/\/api.w.org\/{rel}","templated":true}]}}