{"id":6465,"date":"2022-05-11T13:17:13","date_gmt":"2022-05-11T11:17:13","guid":{"rendered":"https:\/\/comjib.org\/?p=6465"},"modified":"2024-12-23T12:20:11","modified_gmt":"2024-12-23T11:20:11","slug":"condecoracao-dos-secretarios-e-das-secretarias-gerais-da-comjib","status":"publish","type":"post","link":"https:\/\/comjib.org\/pt-pt\/condecoracao-dos-secretarios-e-das-secretarias-gerais-da-comjib\/","title":{"rendered":"Condecora\u00e7\u00e3o dos Secret\u00e1rios e das Secret\u00e1rias-Gerais da COMJIB"},"content":{"rendered":"\r\n\r\n\r\n<p>No dia 9 de maio, a COMJIB procedeu ao reconhecimento dos Secret\u00e1rios e das Secret\u00e1rias-Gerais da organiza\u00e7\u00e3o, em agradecimento pela sua contribui\u00e7\u00e3o \u00e0 mesma, e no \u00e2mbito dos atos comemorativos do 50\u00ba anivers\u00e1rio da Confer\u00eancia.<\/p>\r\n\r\n\r\n\r\n<p>O acto decorreu na SEGIB e foi presidido pelo actual Secret\u00e1rio-Geral da COMJIB, Sr. Enrique Gil Botero, juntamente com o Secret\u00e1rio de Estado da Justi\u00e7a do governo espanhol, Sr. Antonio Rodr\u00edguez, que procedeu \u00e0 entrega das condecora\u00e7\u00f5es.<\/p>\r\n\r\n\r\n\r\n<p>Desde a sua cria\u00e7\u00e3o como estrutura informal de colabora\u00e7\u00e3o em 1970, passando pela sua constitui\u00e7\u00e3o como organiza\u00e7\u00e3o internacional em 1992 e a cria\u00e7\u00e3o de IberRed em 2004, e at\u00e9 a entrada em vigor do Tratado de Medell\u00edn neste ano de 2022, os diferentes Secret\u00e1rios-Gerais falaram do percurso hist\u00f3rico da organiza\u00e7\u00e3o e da sua contribui\u00e7\u00e3o para a \u00e1rea de justi\u00e7a ibero-americana.<\/p>\r\n\r\n\r\n\r\n<p>Na COMJIB gostar\u00edamos, finalmente, de dar um reconhecimento expl\u00edcito a este grupo de excelentes profissionais que estiveram \u00e0 frente da Secretaria-Geral.<\/p>\r\n\r\n\r\n\r\n<p>O evento tamb\u00e9m contou com a presen\u00e7a dos nossos parceiros e amigos das embaixadas e organiza\u00e7\u00f5es ibero-americanas, bem como das autoridades espanholas e organiza\u00e7\u00f5es internacionais do setor da justi\u00e7a, a quem agradecemos novamente, como COMJIB, por construir conosco a hist\u00f3ria desta Confer\u00eancia.<\/p>\r\n\r\n\r\n\r\n<p><a href=\"\/wp-content\/uploads\/2022\/05\/PT-Revista-50-aniversario-Comjib.pdf\" target=\"_blank\" rel=\"noopener noreferrer\">PT Revista 50 anivers\u00e1rio Comjib<img loading=\"lazy\" decoding=\"async\" class=\"alignnone size-full wp-image-1084\" src=\"https:\/\/comjib.org\/wp-content\/uploads\/2016\/12\/pdficon.png\" alt=\"\" width=\"30\" height=\"30\" \/><\/a><\/p>\r\n<p>&nbsp;<\/p>\r\n\r\n\r\n\r\n<figure class=\"wp-block-image size-large\"><img loading=\"lazy\" decoding=\"async\" width=\"1024\" height=\"683\" class=\"wp-image-4471\" src=\"https:\/\/comjib.org\/wp-content\/uploads\/2022\/05\/Revista-50-aniversario-noticia-web-1024x683.jpg\" alt=\"\" srcset=\"https:\/\/comjib.org\/wp-content\/uploads\/2022\/05\/Revista-50-aniversario-noticia-web-1024x683.jpg 1024w, https:\/\/comjib.org\/wp-content\/uploads\/2022\/05\/Revista-50-aniversario-noticia-web-300x200.jpg 300w, https:\/\/comjib.org\/wp-content\/uploads\/2022\/05\/Revista-50-aniversario-noticia-web-768x512.jpg 768w, https:\/\/comjib.org\/wp-content\/uploads\/2022\/05\/Revista-50-aniversario-noticia-web-1536x1024.jpg 1536w, https:\/\/comjib.org\/wp-content\/uploads\/2022\/05\/Revista-50-aniversario-noticia-web.jpg 1920w\" sizes=\"(max-width: 1024px) 100vw, 1024px\" \/><\/figure>\r\n","protected":false},"excerpt":{"rendered":"<p>No dia 9 de maio, a COMJIB procedeu ao reconhecimento dos Secret\u00e1rios e das Secret\u00e1rias-Gerais da organiza\u00e7\u00e3o, em agradecimento pela sua contribui\u00e7\u00e3o \u00e0 mesma, e no \u00e2mbito dos atos comemorativos do 50\u00ba anivers\u00e1rio da Confer\u00eancia. O acto decorreu na SEGIB e foi presidido pelo actual Secret\u00e1rio-Geral da COMJIB, Sr. Enrique Gil Botero, juntamente com o [&hellip;]<\/p>\n","protected":false},"author":34416,"featured_media":5730,"comment_status":"closed","ping_status":"closed","sticky":false,"template":"","format":"standard","meta":{"_et_pb_use_builder":"","_et_pb_old_content":"","_et_gb_content_width":"","footnotes":""},"categories":[116],"tags":[117],"class_list":["post-6465","post","type-post","status-publish","format-standard","has-post-thumbnail","hentry","category-noticias-pt-pt-pt","tag-noticias-pt-pt-pt"],"_links":{"self":[{"href":"https:\/\/comjib.org\/pt-pt\/wp-json\/wp\/v2\/posts\/6465","targetHints":{"allow":["GET"]}}],"collection":[{"href":"https:\/\/comjib.org\/pt-pt\/wp-json\/wp\/v2\/posts"}],"about":[{"href":"https:\/\/comjib.org\/pt-pt\/wp-json\/wp\/v2\/types\/post"}],"author":[{"embeddable":true,"href":"https:\/\/comjib.org\/pt-pt\/wp-json\/wp\/v2\/users\/34416"}],"replies":[{"embeddable":true,"href":"https:\/\/comjib.org\/pt-pt\/wp-json\/wp\/v2\/comments?post=6465"}],"version-history":[{"count":3,"href":"https:\/\/comjib.org\/pt-pt\/wp-json\/wp\/v2\/posts\/6465\/revisions"}],"predecessor-version":[{"id":6468,"href":"https:\/\/comjib.org\/pt-pt\/wp-json\/wp\/v2\/posts\/6465\/revisions\/6468"}],"wp:featuredmedia":[{"embeddable":true,"href":"https:\/\/comjib.org\/pt-pt\/wp-json\/wp\/v2\/media\/5730"}],"wp:attachment":[{"href":"https:\/\/comjib.org\/pt-pt\/wp-json\/wp\/v2\/media?parent=6465"}],"wp:term":[{"taxonomy":"category","embeddable":true,"href":"https:\/\/comjib.org\/pt-pt\/wp-json\/wp\/v2\/categories?post=6465"},{"taxonomy":"post_tag","embeddable":true,"href":"https:\/\/comjib.org\/pt-pt\/wp-json\/wp\/v2\/tags?post=6465"}],"curies":[{"name":"wp","href":"https:\/\/api.w.org\/{rel}","templated":true}]}}