{"id":6459,"date":"2022-07-07T12:03:00","date_gmt":"2022-07-07T10:03:00","guid":{"rendered":"https:\/\/comjib.org\/?p=6459"},"modified":"2024-12-23T11:55:22","modified_gmt":"2024-12-23T10:55:22","slug":"comjib-e-pnud-para-america-latina-e-caribe-assinam-memorando-de-entendimento","status":"publish","type":"post","link":"https:\/\/comjib.org\/pt-pt\/comjib-e-pnud-para-america-latina-e-caribe-assinam-memorando-de-entendimento\/","title":{"rendered":"COMJIB e PNUD para Am\u00e9rica Latina e Caribe assinam Memorando de Entendimento"},"content":{"rendered":"<p>Em 6 de julho, a COMJIB e o Programa das Na\u00e7\u00f5es Unidas para o Desenvolvimento para a Am\u00e9rica Latina e o Caribe consolidaram o seu compromisso de apoiar os pa\u00edses ibero-americanos, conectar os protagonistas das transforma\u00e7\u00f5es do setor e promover pr\u00e1ticas promissoras, por meio da assinatura de um Memorando de Entendimento assinado entre o Secret\u00e1rio-Geral da COMJIB, Enrique Gil Botero, e a Vice-Diretora Regional e Vice-Administradora para a Am\u00e9rica Latina e o Caribe do PNUD, Linda Maguire.<\/p>\r\n<!-- \/wp:post-content -->\r\n\r\n<!-- wp:paragraph -->\r\n<p>Na regi\u00e3o, persistem desafios significativos em termos de gest\u00e3o da justi\u00e7a a partir de uma perspectiva de direitos humanos, ao mesmo tempo em que se destaca o acesso a solu\u00e7\u00f5es de justi\u00e7a como motor para garantir os direitos humanos. No relat\u00f3rio \u201cInova\u00e7\u00e3o, resili\u00eancia e transforma\u00e7\u00f5es urgentes para uma justi\u00e7a inclusiva na Am\u00e9rica Latina e no Caribe\u201d, o PNUD destaca que os judici\u00e1rios da regi\u00e3o t\u00eam a oportunidade de priorizar a transforma\u00e7\u00e3o de suas capacidades institucionais, de forma que lhes permita desempenhar um papel central e proativo na defini\u00e7\u00e3o de pol\u00edticas de justi\u00e7a p\u00fablica diante do cen\u00e1rio gerado pela pandemia, opini\u00e3o que compartilha com a Confer\u00eancia.<\/p>\r\n<!-- \/wp:paragraph -->\r\n\r\n<!-- wp:paragraph -->\r\n<p>Ambas as institui\u00e7\u00f5es afirmam que \u00e9 essencial priorizar o aumento das capacidades do judici\u00e1rio e o planejamento estrat\u00e9gico para promover reformas e ferramentas que melhorem a efici\u00eancia dos servi\u00e7os judiciais de acordo com as exig\u00eancias da nova normalidade imposta pelo COVID-19, colocando quest\u00f5es como inova\u00e7\u00e3o, novas tecnologias, forma\u00e7\u00e3o e inclus\u00e3o cidad\u00e3 no centro da agenda institucional.<\/p>\r\n<!-- \/wp:paragraph -->\r\n\r\n<!-- wp:paragraph -->\r\n<ul>\r\n<li>Por isso, o PNUD e a COMJIB se comprometeram a promover conjuntamente as seguintes linhas de a\u00e7\u00e3o:<\/li>\r\n<li>\u00a0Promover a agenda 2030 e o ODS 16 na Ibero-Am\u00e9rica, posicionando conhecimentos, pr\u00e1ticas, ferramentas e solu\u00e7\u00f5es inovadoras para uma justi\u00e7a inclusiva centrada nas pessoas;<\/li>\r\n<li><!-- \/wp:paragraph -->\r\n\r\n<!-- wp:paragraph -->Fortalecer a implementa\u00e7\u00e3o das \u00e1reas de trabalho acordadas pelos pa\u00edses latino-americanos em mat\u00e9ria de acesso \u00e0 justi\u00e7a, justi\u00e7a e g\u00eanero, novas tecnologias aplicadas \u00e0 administra\u00e7\u00e3o da justi\u00e7a e apoiar as reformas dos sistemas prisionais;<\/li>\r\n<li><!-- \/wp:paragraph -->\r\n\r\n<!-- wp:paragraph -->Promover experi\u00eancias de inova\u00e7\u00e3o e transforma\u00e7\u00e3o institucional no setor da justi\u00e7a, com \u00eanfase nos processos de digitaliza\u00e7\u00e3o dos servi\u00e7os de justi\u00e7a centrados nas pessoas;<\/li>\r\n<li>Promover o interc\u00e2mbio de experi\u00eancias na administra\u00e7\u00e3o da justi\u00e7a entre os pa\u00edses da Ibero-Am\u00e9rica e outras regi\u00f5es.<\/li>\r\n<\/ul>\r\n<p>\u201cO Conv\u00eanio que assinamos com o Programa das Na\u00e7\u00f5es Unidas para o Desenvolvimento da Am\u00e9rica Latina e o Caribe renova o nosso compromisso de acompanhar, conectar e promover pr\u00e1ticas ibero-americanas promissoras de justi\u00e7a inclusiva\u201d, afirmou o Secret\u00e1rio-Geral da COMJIB, Enrique Gil Botero.<!-- \/wp:paragraph -->\r\n\r\n<!-- wp:paragraph --><\/p>\r\n<!-- \/wp:paragraph -->","protected":false},"excerpt":{"rendered":"<p>Em 6 de julho, a COMJIB e o Programa das Na\u00e7\u00f5es Unidas para o Desenvolvimento para a Am\u00e9rica Latina e o Caribe consolidaram o seu compromisso de apoiar os pa\u00edses ibero-americanos, conectar os protagonistas das transforma\u00e7\u00f5es do setor e promover pr\u00e1ticas promissoras, por meio da assinatura de um Memorando de Entendimento assinado entre o Secret\u00e1rio-Geral [&hellip;]<\/p>\n","protected":false},"author":34416,"featured_media":5769,"comment_status":"closed","ping_status":"closed","sticky":false,"template":"","format":"standard","meta":{"_et_pb_use_builder":"","_et_pb_old_content":"","_et_gb_content_width":"","footnotes":""},"categories":[116],"tags":[117],"class_list":["post-6459","post","type-post","status-publish","format-standard","has-post-thumbnail","hentry","category-noticias-pt-pt-pt","tag-noticias-pt-pt-pt"],"_links":{"self":[{"href":"https:\/\/comjib.org\/pt-pt\/wp-json\/wp\/v2\/posts\/6459","targetHints":{"allow":["GET"]}}],"collection":[{"href":"https:\/\/comjib.org\/pt-pt\/wp-json\/wp\/v2\/posts"}],"about":[{"href":"https:\/\/comjib.org\/pt-pt\/wp-json\/wp\/v2\/types\/post"}],"author":[{"embeddable":true,"href":"https:\/\/comjib.org\/pt-pt\/wp-json\/wp\/v2\/users\/34416"}],"replies":[{"embeddable":true,"href":"https:\/\/comjib.org\/pt-pt\/wp-json\/wp\/v2\/comments?post=6459"}],"version-history":[{"count":3,"href":"https:\/\/comjib.org\/pt-pt\/wp-json\/wp\/v2\/posts\/6459\/revisions"}],"predecessor-version":[{"id":6463,"href":"https:\/\/comjib.org\/pt-pt\/wp-json\/wp\/v2\/posts\/6459\/revisions\/6463"}],"wp:featuredmedia":[{"embeddable":true,"href":"https:\/\/comjib.org\/pt-pt\/wp-json\/wp\/v2\/media\/5769"}],"wp:attachment":[{"href":"https:\/\/comjib.org\/pt-pt\/wp-json\/wp\/v2\/media?parent=6459"}],"wp:term":[{"taxonomy":"category","embeddable":true,"href":"https:\/\/comjib.org\/pt-pt\/wp-json\/wp\/v2\/categories?post=6459"},{"taxonomy":"post_tag","embeddable":true,"href":"https:\/\/comjib.org\/pt-pt\/wp-json\/wp\/v2\/tags?post=6459"}],"curies":[{"name":"wp","href":"https:\/\/api.w.org\/{rel}","templated":true}]}}