{"id":6453,"date":"2022-07-27T09:01:27","date_gmt":"2022-07-27T07:01:27","guid":{"rendered":"https:\/\/comjib.org\/?p=6453"},"modified":"2024-12-23T11:46:25","modified_gmt":"2024-12-23T10:46:25","slug":"reuniao-de-coordenadores-nacionais","status":"publish","type":"post","link":"https:\/\/comjib.org\/pt-pt\/reuniao-de-coordenadores-nacionais\/","title":{"rendered":"Reuni\u00e3o de Coordenadores Nacionais\u00a0"},"content":{"rendered":"<p>No dia 22 de junho foi realizada, por videoconfer\u00eancia, a reuni\u00e3o dos Coordenadores Nacionais da COMJIB; a segunda reuni\u00e3o preparat\u00f3ria da XXII Assembleia Plen\u00e1ria de Ministros que tamb\u00e9m ser\u00e1 realizada virtualmente, no dia 21 de julho.<\/p>\r\n<!-- \/wp:post-content -->\r\n\r\n<!-- wp:paragraph -->\r\n<p>Ap\u00f3s a abertura dos trabalhos pelo Secret\u00e1rio-Geral da COMJIB, Sr. Enrique Gil Botero, os Coordenadores das 19 delega\u00e7\u00f5es presentes revisaram os principais produtos e resultados alcan\u00e7ados pela Confer\u00eancia para a sua valida\u00e7\u00e3o t\u00e9cnica e eventual eleva\u00e7\u00e3o \u00e0 pr\u00f3xima Assembleia Plen\u00e1ria para a sua aprova\u00e7\u00e3o.<\/p>\r\n<!-- \/wp:paragraph -->\r\n\r\n<!-- wp:paragraph -->\r\n<p>Entre as conclus\u00f5es do encontro, vale destacar o acordo para a realiza\u00e7\u00e3o da primeira reuni\u00e3o da Comiss\u00e3o de Acompanhamento do Tratado de Medell\u00edn em 7 de julho, ou a alian\u00e7a desenvolvida em conjunto com a Associa\u00e7\u00e3o Interamericana de Defensores P\u00fablicos (AIDEF), a Associa\u00e7\u00e3o Ibero-Americana de Minist\u00e9rios P\u00fablicos (AIAMP), a Cimeira Judicial Ibero-Americana (CJI), com o apoio da ILANUD, para a promo\u00e7\u00e3o da Justi\u00e7a Juvenil Restaurativa na regi\u00e3o.<\/p>\r\n<!-- \/wp:paragraph -->\r\n\r\n<!-- wp:paragraph -->\r\n<p>Tamb\u00e9m foram compartilhados os produtos e iniciativas desenvolvidos no \u00faltimo per\u00edodo: a Estrat\u00e9gia Regional Ibero-americana de Acesso \u00e0 Justi\u00e7a, realizada com o apoio do Programa EUROsociAL+ no \u00e2mbito do Programa Ibero-Americano de Acesso \u00e0 Justi\u00e7a (PIAJ) da Secretaria-Geral Ibero-Americana (SEGIB); a Constitui\u00e7\u00e3o do ciclo pol\u00edtico da justi\u00e7a em conjunto com AIAMP e CJI, impulsada pelo Programa EL PAcCTO da Uni\u00e3o Europeia; ou a Alian\u00e7a Ibero-Americana para o Acesso \u00e0 Justi\u00e7a e o seu grupo de trabalho sobre um marco regulat\u00f3rio regional para o acesso \u00e0 justi\u00e7a, juntamente com a Funda\u00e7\u00e3o Internacional e para a Ibero-Am\u00e9rica de Administra\u00e7\u00e3o e Pol\u00edticas P\u00fablicas (FIIAPP) e Funda\u00e7\u00e3o Namat\u00ed.<\/p>\r\n<!-- \/wp:paragraph -->\r\n\r\n<!-- wp:paragraph -->\r\n<p>Finalmente, foi acordado o texto preliminar para considera\u00e7\u00e3o da nossa Assembleia Plen\u00e1ria e p\u00e1rrafos para a posterior submiss\u00e3o \u00e0 XXVIII C\u00fapula Ibero-Americana de Chefes de Estado e de Governo, a ser realizada sob a Secretaria Pro Tempore da Rep\u00fablica Dominicana em 2023, onde a COMJIB prop\u00f5e a cria\u00e7\u00e3o do Dia da Mulher Jurista Ibero-americana, todos os anos no 29 de julho, em comemora\u00e7\u00e3o \u00e0 nomea\u00e7\u00e3o, em 1952, da chilena Adriana Olgu\u00edn como primeira ministra da justi\u00e7a da regi\u00e3o.<\/p>\r\n<!-- \/wp:paragraph -->\r\n\r\n<!-- wp:html -->\r\n<p><a href=\"\/wp-content\/uploads\/2022\/07\/PT-Acta-Reuniao-Coordenadores-Nacionais-Junho-2022.pdf\" target=\"_blank\" rel=\"noopener noreferrer\">Reuniao Coordenadores Nacionais Junho 2022<img loading=\"lazy\" decoding=\"async\" class=\"alignnone size-full wp-image-1084\" src=\"https:\/\/comjib.org\/wp-content\/uploads\/2016\/12\/pdficon.png\" alt=\"\" width=\"30\" height=\"30\" \/><\/a><\/p>\r\n<!-- \/wp:html -->","protected":false},"excerpt":{"rendered":"<p>No dia 22 de junho foi realizada, por videoconfer\u00eancia, a reuni\u00e3o dos Coordenadores Nacionais da COMJIB; a segunda reuni\u00e3o preparat\u00f3ria da XXII Assembleia Plen\u00e1ria de Ministros que tamb\u00e9m ser\u00e1 realizada virtualmente, no dia 21 de julho. Ap\u00f3s a abertura dos trabalhos pelo Secret\u00e1rio-Geral da COMJIB, Sr. Enrique Gil Botero, os Coordenadores das 19 delega\u00e7\u00f5es presentes [&hellip;]<\/p>\n","protected":false},"author":34416,"featured_media":5737,"comment_status":"closed","ping_status":"closed","sticky":false,"template":"","format":"standard","meta":{"_et_pb_use_builder":"","_et_pb_old_content":"","_et_gb_content_width":"","footnotes":""},"categories":[116],"tags":[117],"class_list":["post-6453","post","type-post","status-publish","format-standard","has-post-thumbnail","hentry","category-noticias-pt-pt-pt","tag-noticias-pt-pt-pt"],"_links":{"self":[{"href":"https:\/\/comjib.org\/pt-pt\/wp-json\/wp\/v2\/posts\/6453","targetHints":{"allow":["GET"]}}],"collection":[{"href":"https:\/\/comjib.org\/pt-pt\/wp-json\/wp\/v2\/posts"}],"about":[{"href":"https:\/\/comjib.org\/pt-pt\/wp-json\/wp\/v2\/types\/post"}],"author":[{"embeddable":true,"href":"https:\/\/comjib.org\/pt-pt\/wp-json\/wp\/v2\/users\/34416"}],"replies":[{"embeddable":true,"href":"https:\/\/comjib.org\/pt-pt\/wp-json\/wp\/v2\/comments?post=6453"}],"version-history":[{"count":2,"href":"https:\/\/comjib.org\/pt-pt\/wp-json\/wp\/v2\/posts\/6453\/revisions"}],"predecessor-version":[{"id":6456,"href":"https:\/\/comjib.org\/pt-pt\/wp-json\/wp\/v2\/posts\/6453\/revisions\/6456"}],"wp:featuredmedia":[{"embeddable":true,"href":"https:\/\/comjib.org\/pt-pt\/wp-json\/wp\/v2\/media\/5737"}],"wp:attachment":[{"href":"https:\/\/comjib.org\/pt-pt\/wp-json\/wp\/v2\/media?parent=6453"}],"wp:term":[{"taxonomy":"category","embeddable":true,"href":"https:\/\/comjib.org\/pt-pt\/wp-json\/wp\/v2\/categories?post=6453"},{"taxonomy":"post_tag","embeddable":true,"href":"https:\/\/comjib.org\/pt-pt\/wp-json\/wp\/v2\/tags?post=6453"}],"curies":[{"name":"wp","href":"https:\/\/api.w.org\/{rel}","templated":true}]}}