{"id":6448,"date":"2022-07-27T09:17:02","date_gmt":"2022-07-27T07:17:02","guid":{"rendered":"https:\/\/comjib.org\/?p=6448"},"modified":"2024-12-23T11:44:42","modified_gmt":"2024-12-23T10:44:42","slug":"reuniao-da-comissao-de-acompanhamento-do-tratado-de-medellin","status":"publish","type":"post","link":"https:\/\/comjib.org\/pt-pt\/reuniao-da-comissao-de-acompanhamento-do-tratado-de-medellin\/","title":{"rendered":"Reuni\u00e3o da Comiss\u00e3o de Acompanhamento do Tratado de Medell\u00edn\u00a0"},"content":{"rendered":"<p>Na \u00faltima quinta-feira, 7 de julho, a Secretaria-Geral da COMJIB realizou a primeira reuni\u00e3o da Comiss\u00e3o de Acompanhamento do Tratado de Medell\u00edn. Na reuni\u00e3o participaram os Estados Partes; Andorra, Cuba e Espanha, bem como alguns Estados signat\u00e1rios do Tratado; Argentina, Bol\u00edvia, Brasil, Chile, Col\u00f4mbia, Equador e Uruguai.<\/p>\r\n<!-- \/wp:post-content -->\r\n\r\n<!-- wp:paragraph -->\r\n<p>O Tratado Relativo \u00e0 Transmiss\u00e3o Eletr\u00f3nica de Pedidos de Coopera\u00e7\u00e3o Jur\u00eddica e Judici\u00e1ria Internacional entre Autoridades Centrais, tamb\u00e9m assinado por Paraguai, Portugal e Equador, entrou em vigor em 9 de maio de 2022, abrindo aos terceiros Estados a possibilidade de ades\u00e3o.<\/p>\r\n<!-- \/wp:paragraph -->\r\n\r\n<!-- wp:paragraph -->\r\n<p>A Comiss\u00e3o, al\u00e9m de tomar decis\u00f5es t\u00e9cnicas relacionadas com este acordo internacional, sublinhou o apoio financeiro da Coopera\u00e7\u00e3o Espanhola para o desenvolvimento da Plataforma Iber@ e a contribui\u00e7\u00e3o do Conselho Geral de Not\u00e1rios de Espanha, atrav\u00e9s dos servi\u00e7os da ANCERT para a manuten\u00e7\u00e3o e suporte t\u00e9cnico da plataforma, bem como organiza\u00e7\u00e3o de forma\u00e7\u00e3o online para utilizadores da Plataforma Iber@.<\/p>\r\n<!-- \/wp:paragraph -->\r\n\r\n<!-- wp:paragraph -->\r\n<p>A pr\u00f3xima reuni\u00e3o ordin\u00e1ria da Comiss\u00e3o de Acompanhamento do Tratado de Medell\u00edn ser\u00e1 realizada no terceiro trimestre de 2023, para definir o or\u00e7amento anual e o financiamento do Tratado nos anos 2024-2025. At\u00e9 aquela data, a COMJIB espera que v\u00e1rios outros Estados sejam partes do acordo, j\u00e1 que diferentes pa\u00edses membros da Confer\u00eancia est\u00e3o realizando os procedimentos finais para a sua ratifica\u00e7\u00e3o.<\/p>\r\n<!-- \/wp:paragraph -->\r\n\r\n<!-- wp:html -->\r\n<p><a href=\"\/wp-content\/uploads\/2022\/07\/PT-Reuniao-da-Comissao-de-Acompanhamento-do-Tratado-de-Medellin-Julho-2022.pdf\" target=\"_blank\" rel=\"noopener noreferrer\">Reuni\u00e3o da Comiss\u00e3o de Acompanhamento do Tratado de Medell\u00edn Julho 2022<img loading=\"lazy\" decoding=\"async\" class=\"alignnone size-full wp-image-1084\" src=\"https:\/\/comjib.org\/wp-content\/uploads\/2016\/12\/pdficon.png\" alt=\"\" width=\"30\" height=\"30\" \/><\/a><\/p>\r\n<!-- \/wp:html -->","protected":false},"excerpt":{"rendered":"<p>Na \u00faltima quinta-feira, 7 de julho, a Secretaria-Geral da COMJIB realizou a primeira reuni\u00e3o da Comiss\u00e3o de Acompanhamento do Tratado de Medell\u00edn. Na reuni\u00e3o participaram os Estados Partes; Andorra, Cuba e Espanha, bem como alguns Estados signat\u00e1rios do Tratado; Argentina, Bol\u00edvia, Brasil, Chile, Col\u00f4mbia, Equador e Uruguai. O Tratado Relativo \u00e0 Transmiss\u00e3o Eletr\u00f3nica de Pedidos [&hellip;]<\/p>\n","protected":false},"author":34416,"featured_media":5740,"comment_status":"closed","ping_status":"closed","sticky":false,"template":"","format":"standard","meta":{"_et_pb_use_builder":"","_et_pb_old_content":"","_et_gb_content_width":"","footnotes":""},"categories":[116],"tags":[117],"class_list":["post-6448","post","type-post","status-publish","format-standard","has-post-thumbnail","hentry","category-noticias-pt-pt-pt","tag-noticias-pt-pt-pt"],"_links":{"self":[{"href":"https:\/\/comjib.org\/pt-pt\/wp-json\/wp\/v2\/posts\/6448","targetHints":{"allow":["GET"]}}],"collection":[{"href":"https:\/\/comjib.org\/pt-pt\/wp-json\/wp\/v2\/posts"}],"about":[{"href":"https:\/\/comjib.org\/pt-pt\/wp-json\/wp\/v2\/types\/post"}],"author":[{"embeddable":true,"href":"https:\/\/comjib.org\/pt-pt\/wp-json\/wp\/v2\/users\/34416"}],"replies":[{"embeddable":true,"href":"https:\/\/comjib.org\/pt-pt\/wp-json\/wp\/v2\/comments?post=6448"}],"version-history":[{"count":2,"href":"https:\/\/comjib.org\/pt-pt\/wp-json\/wp\/v2\/posts\/6448\/revisions"}],"predecessor-version":[{"id":6451,"href":"https:\/\/comjib.org\/pt-pt\/wp-json\/wp\/v2\/posts\/6448\/revisions\/6451"}],"wp:featuredmedia":[{"embeddable":true,"href":"https:\/\/comjib.org\/pt-pt\/wp-json\/wp\/v2\/media\/5740"}],"wp:attachment":[{"href":"https:\/\/comjib.org\/pt-pt\/wp-json\/wp\/v2\/media?parent=6448"}],"wp:term":[{"taxonomy":"category","embeddable":true,"href":"https:\/\/comjib.org\/pt-pt\/wp-json\/wp\/v2\/categories?post=6448"},{"taxonomy":"post_tag","embeddable":true,"href":"https:\/\/comjib.org\/pt-pt\/wp-json\/wp\/v2\/tags?post=6448"}],"curies":[{"name":"wp","href":"https:\/\/api.w.org\/{rel}","templated":true}]}}