{"id":6441,"date":"2022-08-02T18:14:42","date_gmt":"2022-08-02T16:14:42","guid":{"rendered":"https:\/\/comjib.org\/?p=6441"},"modified":"2024-12-23T11:41:45","modified_gmt":"2024-12-23T10:41:45","slug":"dia-da-mulher-jurista-ibero-americana-2","status":"publish","type":"post","link":"https:\/\/comjib.org\/pt-pt\/dia-da-mulher-jurista-ibero-americana-2\/","title":{"rendered":"Dia da Mulher Jurista Ibero-americana"},"content":{"rendered":"<p class=\"p1\">A COMJIB, com o apoio da SEGIB, prop\u00f5e celebrar o Dia da Mulher Jurista Ibero-Americana todo dia 29 de julho, tornando vis\u00edveis os obst\u00e1culos persistentes \u00e0 plena incorpora\u00e7\u00e3o das mulheres da nossa regi\u00e3o nas esferas decis\u00f3rias p\u00fablicas.<\/p>\n<p class=\"p1\">Em 29 de julho de 1952, Adriana Olgu\u00edn foi a primeira mulher a se tornar Ministra de Estado no Chile e a primeira Ministra da Justi\u00e7a em toda a Ibero-Am\u00e9rica. Como advogada e Secret\u00e1ria de Estado, trabalhou pela justi\u00e7a, integra\u00e7\u00e3o e igualdade de oportunidades entre homens e mulheres. Inspirou a Lei de Legitima\u00e7\u00e3o Adotiva para dar uma solu\u00e7\u00e3o ao problema humano e social de prover um verdadeiro lar para crian\u00e7as abandonadas ou \u00f3rf\u00e3os.<\/p>\n<p class=\"p1\">Veja o nosso v\u00eddeo para saber mais das mulheres juristas na Ibero-Am\u00e9rica:<\/p>\n<p><iframe loading=\"lazy\" title=\"Dia da Mulher Jurista Iberoamericana - 29 de julho. COMJIB.\" width=\"1080\" height=\"608\" src=\"https:\/\/www.youtube.com\/embed\/DsiF1dN0Qaw?start=12&#038;feature=oembed\"  allow=\"accelerometer; autoplay; clipboard-write; encrypted-media; gyroscope; picture-in-picture; web-share\" referrerpolicy=\"strict-origin-when-cross-origin\" allowfullscreen><\/iframe><\/p>\n","protected":false},"excerpt":{"rendered":"<p>A COMJIB, com o apoio da SEGIB, prop\u00f5e celebrar o Dia da Mulher Jurista Ibero-Americana todo dia 29 de julho, tornando vis\u00edveis os obst\u00e1culos persistentes \u00e0 plena incorpora\u00e7\u00e3o das mulheres da nossa regi\u00e3o nas esferas decis\u00f3rias p\u00fablicas. Em 29 de julho de 1952, Adriana Olgu\u00edn foi a primeira mulher a se tornar Ministra de Estado [&hellip;]<\/p>\n","protected":false},"author":34416,"featured_media":5744,"comment_status":"closed","ping_status":"closed","sticky":false,"template":"","format":"standard","meta":{"_et_pb_use_builder":"","_et_pb_old_content":"","_et_gb_content_width":"","footnotes":""},"categories":[116],"tags":[117],"class_list":["post-6441","post","type-post","status-publish","format-standard","has-post-thumbnail","hentry","category-noticias-pt-pt-pt","tag-noticias-pt-pt-pt"],"_links":{"self":[{"href":"https:\/\/comjib.org\/pt-pt\/wp-json\/wp\/v2\/posts\/6441","targetHints":{"allow":["GET"]}}],"collection":[{"href":"https:\/\/comjib.org\/pt-pt\/wp-json\/wp\/v2\/posts"}],"about":[{"href":"https:\/\/comjib.org\/pt-pt\/wp-json\/wp\/v2\/types\/post"}],"author":[{"embeddable":true,"href":"https:\/\/comjib.org\/pt-pt\/wp-json\/wp\/v2\/users\/34416"}],"replies":[{"embeddable":true,"href":"https:\/\/comjib.org\/pt-pt\/wp-json\/wp\/v2\/comments?post=6441"}],"version-history":[{"count":2,"href":"https:\/\/comjib.org\/pt-pt\/wp-json\/wp\/v2\/posts\/6441\/revisions"}],"predecessor-version":[{"id":6446,"href":"https:\/\/comjib.org\/pt-pt\/wp-json\/wp\/v2\/posts\/6441\/revisions\/6446"}],"wp:featuredmedia":[{"embeddable":true,"href":"https:\/\/comjib.org\/pt-pt\/wp-json\/wp\/v2\/media\/5744"}],"wp:attachment":[{"href":"https:\/\/comjib.org\/pt-pt\/wp-json\/wp\/v2\/media?parent=6441"}],"wp:term":[{"taxonomy":"category","embeddable":true,"href":"https:\/\/comjib.org\/pt-pt\/wp-json\/wp\/v2\/categories?post=6441"},{"taxonomy":"post_tag","embeddable":true,"href":"https:\/\/comjib.org\/pt-pt\/wp-json\/wp\/v2\/tags?post=6441"}],"curies":[{"name":"wp","href":"https:\/\/api.w.org\/{rel}","templated":true}]}}