{"id":6432,"date":"2022-09-19T10:44:06","date_gmt":"2022-09-19T08:44:06","guid":{"rendered":"https:\/\/comjib.org\/?p=6432"},"modified":"2024-12-23T11:35:02","modified_gmt":"2024-12-23T10:35:02","slug":"paraguai-e-panama-implementam-o-acordo-ibero-americano-de-videoconferencia-por-meio-da-plataforma-iber","status":"publish","type":"post","link":"https:\/\/comjib.org\/pt-pt\/paraguai-e-panama-implementam-o-acordo-ibero-americano-de-videoconferencia-por-meio-da-plataforma-iber\/","title":{"rendered":"Paraguai e Panam\u00e1 implementam o Acordo Ibero-Americano de Videoconfer\u00eancia por meio da plataforma Iber@"},"content":{"rendered":"<p class=\"p1\">Na \u00faltima quarta-feira, 14 de setembro, foi implementado pela primeira vez o uso do Acordo Ibero-Americano sobre o Uso da Videoconfer\u00eancia na Coopera\u00e7\u00e3o Internacional entre Sistemas de Justi\u00e7a e o seu Protocolo Adicional, elaborado pela Confer\u00eancia de Ministros da Justi\u00e7a dos Pa\u00edses Ibero-Americanos (COMJIB), em um caso de coopera\u00e7\u00e3o jur\u00eddica internacional entre Paraguai e Panam\u00e1. Nesse contexto, a Lei n\u00ba 6.071 do Paraguai foi aplicada a pedido do Juiz de Senten\u00e7a Unipessoal do Juiz Wilfrido Peralta.<\/p>\n<p class=\"p1\">No que diz respeito a esta aplica\u00e7\u00e3o hist\u00f3rica, este instrumento internacional permite a realiza\u00e7\u00e3o de declara\u00e7\u00f5es e outros apelos \u00e0 dist\u00e2ncia entre os 22 pa\u00edses que integram o sistema de justi\u00e7a ibero-americano.<\/p>\n<p class=\"p1\">A declara\u00e7\u00e3o da testemunha foi feita atrav\u00e9s da Plataforma Iber@, o canal preferencial e seguro da Rede Ibero-Americana de Coopera\u00e7\u00e3o Jur\u00eddica Internacional (IberRed), desenvolvido por ANCERT gra\u00e7as ao apoio da Coopera\u00e7\u00e3o Espanhola. Esta plataforma eletr\u00f3nica tem acesso restrito e exclusivo aos pontos de contacto e links IberRed, onde podem estar presentes outros atores da coopera\u00e7\u00e3o jur\u00eddica internacional como a Eurojust e o Secretariado-Geral da Interpol, gra\u00e7as aos acordos j\u00e1 assinados. Oferece um ambiente fechado, seguro e confidencial para promover trocas r\u00e1pidas e confi\u00e1veis de solicita\u00e7\u00f5es formais e informais de coopera\u00e7\u00e3o jur\u00eddica internacional e serve para cumprir o Tratado de Medell\u00edn.<\/p>\n<p class=\"p1\">Neste caso, entre Paraguai e Panam\u00e1, a realiza\u00e7\u00e3o da declara\u00e7\u00e3o telem\u00e1tica facilitou a declara\u00e7\u00e3o, que na sua aus\u00eancia levaria de 2 a 30 dias. Assim, o uso da ferramenta digital, que se fortaleceu durante a pandemia, colabora para agilizar os processos judiciais.<\/p>\n","protected":false},"excerpt":{"rendered":"<p>Na \u00faltima quarta-feira, 14 de setembro, foi implementado pela primeira vez o uso do Acordo Ibero-Americano sobre o Uso da Videoconfer\u00eancia na Coopera\u00e7\u00e3o Internacional entre Sistemas de Justi\u00e7a e o seu Protocolo Adicional, elaborado pela Confer\u00eancia de Ministros da Justi\u00e7a dos Pa\u00edses Ibero-Americanos (COMJIB), em um caso de coopera\u00e7\u00e3o jur\u00eddica internacional entre Paraguai e Panam\u00e1. [&hellip;]<\/p>\n","protected":false},"author":34416,"featured_media":5746,"comment_status":"closed","ping_status":"closed","sticky":false,"template":"","format":"standard","meta":{"_et_pb_use_builder":"","_et_pb_old_content":"","_et_gb_content_width":"","footnotes":""},"categories":[116],"tags":[117],"class_list":["post-6432","post","type-post","status-publish","format-standard","has-post-thumbnail","hentry","category-noticias-pt-pt-pt","tag-noticias-pt-pt-pt"],"_links":{"self":[{"href":"https:\/\/comjib.org\/pt-pt\/wp-json\/wp\/v2\/posts\/6432","targetHints":{"allow":["GET"]}}],"collection":[{"href":"https:\/\/comjib.org\/pt-pt\/wp-json\/wp\/v2\/posts"}],"about":[{"href":"https:\/\/comjib.org\/pt-pt\/wp-json\/wp\/v2\/types\/post"}],"author":[{"embeddable":true,"href":"https:\/\/comjib.org\/pt-pt\/wp-json\/wp\/v2\/users\/34416"}],"replies":[{"embeddable":true,"href":"https:\/\/comjib.org\/pt-pt\/wp-json\/wp\/v2\/comments?post=6432"}],"version-history":[{"count":1,"href":"https:\/\/comjib.org\/pt-pt\/wp-json\/wp\/v2\/posts\/6432\/revisions"}],"predecessor-version":[{"id":6433,"href":"https:\/\/comjib.org\/pt-pt\/wp-json\/wp\/v2\/posts\/6432\/revisions\/6433"}],"wp:featuredmedia":[{"embeddable":true,"href":"https:\/\/comjib.org\/pt-pt\/wp-json\/wp\/v2\/media\/5746"}],"wp:attachment":[{"href":"https:\/\/comjib.org\/pt-pt\/wp-json\/wp\/v2\/media?parent=6432"}],"wp:term":[{"taxonomy":"category","embeddable":true,"href":"https:\/\/comjib.org\/pt-pt\/wp-json\/wp\/v2\/categories?post=6432"},{"taxonomy":"post_tag","embeddable":true,"href":"https:\/\/comjib.org\/pt-pt\/wp-json\/wp\/v2\/tags?post=6432"}],"curies":[{"name":"wp","href":"https:\/\/api.w.org\/{rel}","templated":true}]}}