{"id":6429,"date":"2022-10-10T15:02:27","date_gmt":"2022-10-10T13:02:27","guid":{"rendered":"https:\/\/comjib.org\/?p=6429"},"modified":"2024-12-23T11:18:51","modified_gmt":"2024-12-23T10:18:51","slug":"enrique-gil-botero-recebe-a-cruz-de-honra-da-ordem-de-sao-raimundo-de-penafort","status":"publish","type":"post","link":"https:\/\/comjib.org\/pt-pt\/enrique-gil-botero-recebe-a-cruz-de-honra-da-ordem-de-sao-raimundo-de-penafort\/","title":{"rendered":"Enrique Gil Botero recebe a Cruz de Honra da Ordem de S\u00e3o Raimundo de Pe\u00f1afort"},"content":{"rendered":"<p class=\"p1\">Em 30 de outubro, o Secret\u00e1rio-Geral da COMJIB e IberRed, Sr. Enrique Gil Botero, foi condecorado pela Ministra da Justi\u00e7a da Espanha, Sra. Pilar Llop, com a Cruz de Honra da Ordem de S\u00e3o Raimundo de Pe\u00f1afort, distintivo que \u00e9 concedido em reconhecimento \u00e0queles que, por seus relevantes m\u00e9ritos, tenham contribu\u00eddo para o desenvolvimento do Direito. D. Enrique Gil Botero ocupou os cargos de Ministro da Justi\u00e7a e Direito da Col\u00f4mbia, foi membro da Comiss\u00e3o Interamericana de Direitos Humanos, Magistrado e Presidente do Conselho de Estado da Col\u00f4mbia, sendo tamb\u00e9m autor de in\u00fameros escritos e trabalhos jur\u00eddicos e acad\u00eamicos.<\/p>\r\n<p class=\"p1\">O ato contou com a presen\u00e7a do Secret\u00e1rio de Estado da Justi\u00e7a, Tontxu Rodr\u00edguez; a Procuradora-Geral do Estado-Diretora do Servi\u00e7o Jur\u00eddico do Estado, Consuelo Castro; a subsecret\u00e1ria de Justi\u00e7a, Ana S\u00e1nchez; o secret\u00e1rio-geral para a Inova\u00e7\u00e3o e Qualidade do Servi\u00e7o P\u00fablico de Justi\u00e7a, Manuel Olmedo; e o diretor geral de Transforma\u00e7\u00e3o Digital da Administra\u00e7\u00e3o da Justi\u00e7a, Aitor Cubo, entre outras autoridades.<\/p>\r\n<p class=\"p1\">Como a Secretaria-Geral da COMJIB queremos expressar a nossa gratid\u00e3o por este reconhecimento especial ao nosso Secret\u00e1rio-Geral. Muito obrigado ao Minist\u00e9rio da Justi\u00e7a espanhol e \u00e0 sua Ministra, Sra. Pilar Llop, bem como a todas as autoridades e vencedores que nos acompanharam nesta importante celebra\u00e7\u00e3o.<\/p>\r\n<!-- \/wp:post-content -->\r\n\r\n<!-- wp:image {\"id\":4523,\"sizeSlug\":\"large\"} -->\r\n<figure class=\"wp-block-image size-large\"><img loading=\"lazy\" decoding=\"async\" width=\"1024\" height=\"579\" class=\"wp-image-4523\" src=\"https:\/\/comjib.org\/wp-content\/uploads\/2022\/10\/2.-foto-cuerpo-de-noticia-1024x579.jpg\" alt=\"\" srcset=\"https:\/\/comjib.org\/wp-content\/uploads\/2022\/10\/2.-foto-cuerpo-de-noticia-1024x579.jpg 1024w, https:\/\/comjib.org\/wp-content\/uploads\/2022\/10\/2.-foto-cuerpo-de-noticia-300x170.jpg 300w, https:\/\/comjib.org\/wp-content\/uploads\/2022\/10\/2.-foto-cuerpo-de-noticia-768x434.jpg 768w, https:\/\/comjib.org\/wp-content\/uploads\/2022\/10\/2.-foto-cuerpo-de-noticia-1536x869.jpg 1536w, https:\/\/comjib.org\/wp-content\/uploads\/2022\/10\/2.-foto-cuerpo-de-noticia-2048x1158.jpg 2048w\" sizes=\"(max-width: 1024px) 100vw, 1024px\" \/><\/figure>\r\n<!-- \/wp:image -->\r\n\r\n<!-- wp:paragraph -->\r\n\r\n&nbsp;\r\n\r\n<!-- \/wp:paragraph -->","protected":false},"excerpt":{"rendered":"<p>Em 30 de outubro, o Secret\u00e1rio-Geral da COMJIB e IberRed, Sr. Enrique Gil Botero, foi condecorado pela Ministra da Justi\u00e7a da Espanha, Sra. Pilar Llop, com a Cruz de Honra da Ordem de S\u00e3o Raimundo de Pe\u00f1afort, distintivo que \u00e9 concedido em reconhecimento \u00e0queles que, por seus relevantes m\u00e9ritos, tenham contribu\u00eddo para o desenvolvimento do [&hellip;]<\/p>\n","protected":false},"author":34416,"featured_media":5749,"comment_status":"closed","ping_status":"closed","sticky":false,"template":"","format":"standard","meta":{"_et_pb_use_builder":"","_et_pb_old_content":"","_et_gb_content_width":"","footnotes":""},"categories":[116],"tags":[117],"class_list":["post-6429","post","type-post","status-publish","format-standard","has-post-thumbnail","hentry","category-noticias-pt-pt-pt","tag-noticias-pt-pt-pt"],"_links":{"self":[{"href":"https:\/\/comjib.org\/pt-pt\/wp-json\/wp\/v2\/posts\/6429","targetHints":{"allow":["GET"]}}],"collection":[{"href":"https:\/\/comjib.org\/pt-pt\/wp-json\/wp\/v2\/posts"}],"about":[{"href":"https:\/\/comjib.org\/pt-pt\/wp-json\/wp\/v2\/types\/post"}],"author":[{"embeddable":true,"href":"https:\/\/comjib.org\/pt-pt\/wp-json\/wp\/v2\/users\/34416"}],"replies":[{"embeddable":true,"href":"https:\/\/comjib.org\/pt-pt\/wp-json\/wp\/v2\/comments?post=6429"}],"version-history":[{"count":1,"href":"https:\/\/comjib.org\/pt-pt\/wp-json\/wp\/v2\/posts\/6429\/revisions"}],"predecessor-version":[{"id":6430,"href":"https:\/\/comjib.org\/pt-pt\/wp-json\/wp\/v2\/posts\/6429\/revisions\/6430"}],"wp:featuredmedia":[{"embeddable":true,"href":"https:\/\/comjib.org\/pt-pt\/wp-json\/wp\/v2\/media\/5749"}],"wp:attachment":[{"href":"https:\/\/comjib.org\/pt-pt\/wp-json\/wp\/v2\/media?parent=6429"}],"wp:term":[{"taxonomy":"category","embeddable":true,"href":"https:\/\/comjib.org\/pt-pt\/wp-json\/wp\/v2\/categories?post=6429"},{"taxonomy":"post_tag","embeddable":true,"href":"https:\/\/comjib.org\/pt-pt\/wp-json\/wp\/v2\/tags?post=6429"}],"curies":[{"name":"wp","href":"https:\/\/api.w.org\/{rel}","templated":true}]}}