{"id":6425,"date":"2022-10-20T12:14:00","date_gmt":"2022-10-20T10:14:00","guid":{"rendered":"https:\/\/comjib.org\/?p=6425"},"modified":"2024-12-23T11:16:40","modified_gmt":"2024-12-23T10:16:40","slug":"corrupcao-cibercrimes-e-crimes-ambientais-apos-a-covid-19","status":"publish","type":"post","link":"https:\/\/comjib.org\/pt-pt\/corrupcao-cibercrimes-e-crimes-ambientais-apos-a-covid-19\/","title":{"rendered":"Corrup\u00e7\u00e3o, cibercrimes e crimes ambientais ap\u00f3s a COVID-19"},"content":{"rendered":"<p class=\"p1\">Como bem sabem, a crise do COVID-19 p\u00f4s \u00e0 prova os sistemas de justi\u00e7a como pilares dos Estados democr\u00e1ticos da regi\u00e3o, que j\u00e1 atravessavam um per\u00edodo de desafios marcado por uma onda de protestos em massa desde o final de 2019 at\u00e9 o in\u00edcio de 2020, motivados por descontentamento social, vulnerabilidade persistente e pobreza crescente. O di\u00e1logo mantido com os chefes e equipes dos Minist\u00e9rios da Justi\u00e7a e institui\u00e7\u00f5es afins da regi\u00e3o ibero-americana durante o ano de 2020 revelou uma s\u00e9rie de preocupa\u00e7\u00f5es e prioridades comuns a serem abordadas neste ciclo excepcional relacionado ao crime organizado, especificamente, em rela\u00e7\u00e3o ao novos modelos de atua\u00e7\u00e3o de organiza\u00e7\u00f5es criminosas que aproveitaram a massiva demanda internacional por medicamentos e insumos m\u00e9dicos e a reduzida presen\u00e7a de for\u00e7as de seguran\u00e7a em fronteiras e enclaves de valor ambiental.<\/p>\n<p class=\"p1\">A COMJIB publicou um documento que analisa a incid\u00eancia e abrang\u00eancia dessas novas manifesta\u00e7\u00f5es de crimes inform\u00e1ticos, ou tamb\u00e9m chamados de cibercrimes, e as novas formas de criminalidade no campo do meio ambiente e combate \u00e0 corrup\u00e7\u00e3o durante a pandemia de COVID-19 nos pa\u00edses ibero-americanos. Da mesma forma, s\u00e3o refletidas as novas medidas e pol\u00edticas que est\u00e3o sendo adotadas para combat\u00ea-los e s\u00e3o inclu\u00eddas recomenda\u00e7\u00f5es de pol\u00edticas p\u00fablicas para melhorar os mecanismos de preven\u00e7\u00e3o, investiga\u00e7\u00e3o e puni\u00e7\u00e3o desses crimes nos pa\u00edses ibero-americanos.<\/p>\n<p class=\"p1\">Este relat\u00f3rio insere-se na linha de trabalho da COMJIB sobre &#8220;Coopera\u00e7\u00e3o Jur\u00eddica Internacional, apoio \u00e0 IberRed e luta contra o crime organizado internacional&#8221; e foi realizado gra\u00e7as ao apoio da Coopera\u00e7\u00e3o Espanhola, atrav\u00e9s da Ag\u00eancia Espanhola de Coopera\u00e7\u00e3o Internacional para o Desenvolvimento (AECID).<\/p>\n<p class=\"p1\"><span class=\"s1\"><a href=\"https:\/\/drive.google.com\/drive\/folders\/1cbUJQ2xzVZyAOxQwpidnrVrD7Egy-1Qx\">Convidamos a todos a consultar a publica\u00e7\u00e3o da COMJIB <i>Os novos desafios na luta contra o crime organizado na Am\u00e9rica Latina: Corrup\u00e7\u00e3o, crimes cibern\u00e9ticos e crimes ambientais ap\u00f3s a COVID-19 <\/i>aqui.<\/a><\/span><\/p>\n","protected":false},"excerpt":{"rendered":"<p>Como bem sabem, a crise do COVID-19 p\u00f4s \u00e0 prova os sistemas de justi\u00e7a como pilares dos Estados democr\u00e1ticos da regi\u00e3o, que j\u00e1 atravessavam um per\u00edodo de desafios marcado por uma onda de protestos em massa desde o final de 2019 at\u00e9 o in\u00edcio de 2020, motivados por descontentamento social, vulnerabilidade persistente e pobreza crescente. [&hellip;]<\/p>\n","protected":false},"author":34416,"featured_media":5780,"comment_status":"closed","ping_status":"closed","sticky":false,"template":"","format":"standard","meta":{"_et_pb_use_builder":"","_et_pb_old_content":"","_et_gb_content_width":"","footnotes":""},"categories":[116],"tags":[117],"class_list":["post-6425","post","type-post","status-publish","format-standard","has-post-thumbnail","hentry","category-noticias-pt-pt-pt","tag-noticias-pt-pt-pt"],"_links":{"self":[{"href":"https:\/\/comjib.org\/pt-pt\/wp-json\/wp\/v2\/posts\/6425","targetHints":{"allow":["GET"]}}],"collection":[{"href":"https:\/\/comjib.org\/pt-pt\/wp-json\/wp\/v2\/posts"}],"about":[{"href":"https:\/\/comjib.org\/pt-pt\/wp-json\/wp\/v2\/types\/post"}],"author":[{"embeddable":true,"href":"https:\/\/comjib.org\/pt-pt\/wp-json\/wp\/v2\/users\/34416"}],"replies":[{"embeddable":true,"href":"https:\/\/comjib.org\/pt-pt\/wp-json\/wp\/v2\/comments?post=6425"}],"version-history":[{"count":1,"href":"https:\/\/comjib.org\/pt-pt\/wp-json\/wp\/v2\/posts\/6425\/revisions"}],"predecessor-version":[{"id":6426,"href":"https:\/\/comjib.org\/pt-pt\/wp-json\/wp\/v2\/posts\/6425\/revisions\/6426"}],"wp:featuredmedia":[{"embeddable":true,"href":"https:\/\/comjib.org\/pt-pt\/wp-json\/wp\/v2\/media\/5780"}],"wp:attachment":[{"href":"https:\/\/comjib.org\/pt-pt\/wp-json\/wp\/v2\/media?parent=6425"}],"wp:term":[{"taxonomy":"category","embeddable":true,"href":"https:\/\/comjib.org\/pt-pt\/wp-json\/wp\/v2\/categories?post=6425"},{"taxonomy":"post_tag","embeddable":true,"href":"https:\/\/comjib.org\/pt-pt\/wp-json\/wp\/v2\/tags?post=6425"}],"curies":[{"name":"wp","href":"https:\/\/api.w.org\/{rel}","templated":true}]}}