{"id":6418,"date":"2022-11-28T10:18:27","date_gmt":"2022-11-28T09:18:27","guid":{"rendered":"https:\/\/comjib.org\/?p=6418"},"modified":"2024-12-23T11:14:05","modified_gmt":"2024-12-23T10:14:05","slug":"reunion-comjib-sobre-las-nuevas-tecnologias-aplicadas-a-la-administracion-de-justicia","status":"publish","type":"post","link":"https:\/\/comjib.org\/pt-pt\/reunion-comjib-sobre-las-nuevas-tecnologias-aplicadas-a-la-administracion-de-justicia\/","title":{"rendered":"Encontro COMJIB sobre Novas Tecnologias aplicadas \u00e0 Administra\u00e7\u00e3o da Justi\u00e7a"},"content":{"rendered":"\r\n<p class=\"p1\">Nos dias 15 e 16 de setembro, em Lisboa, foi realizada a primeira das reuni\u00f5es presenciais das linhas de trabalho da COMJIB ap\u00f3s a pandemia de COVID-19. O encontro L2 sobre Novas Tecnologias aplicadas \u00e0 Administra\u00e7\u00e3o da Justi\u00e7a, que contou com a participa\u00e7\u00e3o da Bol\u00edvia, Costa Rica, Espanha, Paraguai e Portugal, foi inaugurado pela Ministra da Justi\u00e7a de Portugal, Sra. Catarina Sarmento e Castro, e pelo Secret\u00e1rio Geral do COMJIB, Sr. Enrique Gil Botero. \u00abNa Secretaria Geral da COMJIB nos sentimos especialmente orgulhosos de estar contribuindo para este processo de fortalecimento t\u00e9cnico da Justi\u00e7a, criando uma base s\u00f3lida de trabalhos de pesquisa, ferramentas e instrumentos t\u00e9cnico-jur\u00eddicos seguros\u201d, declarou o secret\u00e1rio.<\/p>\r\n<p class=\"p1\">O l\u00edder desta linha de trabalho da COMJIB \u00e9 Portugal, onde, como sublinhou a Ministra, \u201cDa Consulta de Processos Judiciais Online e disponibiliza\u00e7\u00e3o da Certid\u00e3o Judicial Eletr\u00f3nica \u00e0 renova\u00e7\u00e3o autom\u00e1tica do Cart\u00e3o de Cidad\u00e3o, s\u00e3o v\u00e1rios os exemplos de novos servi\u00e7os que, suportados nas tecnologias, j\u00e1 facilitam a vida dos cidad\u00e3os.\u00bb<\/p>\r\n<p class=\"p1\">Durante o primeiro dia do encontro presencial da linha das Novas Tecnologias, foram apresentadas as iniciativas pioneiras de Portugal na digitaliza\u00e7\u00e3o dos servi\u00e7os da Justi\u00e7a, que t\u00eam permitido ao pa\u00eds atingir elevados n\u00edveis de qualidade no atendimento ao utente e efici\u00eancia judici\u00e1ria.<\/p>\r\n<p class=\"p1\">Por sua vez, a COMJIB apresentou o novo Portal Ibero-Americano de Justi\u00e7a Eletr\u00f4nica, criado sob a lideran\u00e7a do Minist\u00e9rio da Justi\u00e7a de Portugal e gra\u00e7as \u00e0 alian\u00e7a com os Not\u00e1rios espanh\u00f3is e o ANCERT.<\/p>\r\n<p class=\"p1\">No segundo dia, os participantes visitaram o Pal\u00e1cio da Justi\u00e7a de Sintra para conhecer a organiza\u00e7\u00e3o do sistema judicial em Portugal.<\/p>\r\n<p class=\"p1\">O encontro da linha de Novas Tecnologias aplicadas \u00e0 Administra\u00e7\u00e3o da Justi\u00e7a foi o primeiro dos encontros presenciais do COMJIB previstos para este ano gra\u00e7as ao apoio financeiro da Coopera\u00e7\u00e3o Espanhola. A reuni\u00e3o da Linha 4 de Reforma dos sistemas penitenci\u00e1rios foi realizada nos dias 11 e 12 de outubro em Santo Domingo; nos dias 12 e 13 de dezembro, em Montevid\u00e9u, ser\u00e1 realizada a reuni\u00e3o da Linha 3 Internacional de coopera\u00e7\u00e3o jur\u00eddica, IberRed e luta contra o crime organizado transnacional; enquanto a Linha 1 de Acesso \u00e0 Justi\u00e7a e sinergias com o Programa Ibero-Americano de Acesso \u00e0 Justi\u00e7a (PIAJ) e a Linha 5 de Igualdade de G\u00eanero ser\u00e3o realizadas conjuntamente na semana de 28 de novembro a 2 de dezembro em Santiago do Chile.<\/p>\r\n\r\n\r\n\r\n<figure class=\"wp-block-image size-large\"><img loading=\"lazy\" decoding=\"async\" width=\"1024\" height=\"769\" class=\"wp-image-4538\" src=\"https:\/\/comjib.org\/wp-content\/uploads\/2022\/11\/WhatsApp-Image-2022-09-15-at-12.52.02-1024x769.jpeg\" alt=\"\" srcset=\"https:\/\/comjib.org\/wp-content\/uploads\/2022\/11\/WhatsApp-Image-2022-09-15-at-12.52.02-1024x769.jpeg 1024w, https:\/\/comjib.org\/wp-content\/uploads\/2022\/11\/WhatsApp-Image-2022-09-15-at-12.52.02-300x225.jpeg 300w, https:\/\/comjib.org\/wp-content\/uploads\/2022\/11\/WhatsApp-Image-2022-09-15-at-12.52.02-768x576.jpeg 768w, https:\/\/comjib.org\/wp-content\/uploads\/2022\/11\/WhatsApp-Image-2022-09-15-at-12.52.02-1536x1153.jpeg 1536w, https:\/\/comjib.org\/wp-content\/uploads\/2022\/11\/WhatsApp-Image-2022-09-15-at-12.52.02.jpeg 1600w\" sizes=\"(max-width: 1024px) 100vw, 1024px\" \/><\/figure>\r\n\r\n\r\n\r\n<p>&nbsp;<\/p>\r\n","protected":false},"excerpt":{"rendered":"<p>Nos dias 15 e 16 de setembro, em Lisboa, foi realizada a primeira das reuni\u00f5es presenciais das linhas de trabalho da COMJIB ap\u00f3s a pandemia de COVID-19. O encontro L2 sobre Novas Tecnologias aplicadas \u00e0 Administra\u00e7\u00e3o da Justi\u00e7a, que contou com a participa\u00e7\u00e3o da Bol\u00edvia, Costa Rica, Espanha, Paraguai e Portugal, foi inaugurado pela Ministra [&hellip;]<\/p>\n","protected":false},"author":34416,"featured_media":5752,"comment_status":"closed","ping_status":"closed","sticky":false,"template":"","format":"standard","meta":{"_et_pb_use_builder":"","_et_pb_old_content":"","_et_gb_content_width":"","footnotes":""},"categories":[116],"tags":[117],"class_list":["post-6418","post","type-post","status-publish","format-standard","has-post-thumbnail","hentry","category-noticias-pt-pt-pt","tag-noticias-pt-pt-pt"],"_links":{"self":[{"href":"https:\/\/comjib.org\/pt-pt\/wp-json\/wp\/v2\/posts\/6418","targetHints":{"allow":["GET"]}}],"collection":[{"href":"https:\/\/comjib.org\/pt-pt\/wp-json\/wp\/v2\/posts"}],"about":[{"href":"https:\/\/comjib.org\/pt-pt\/wp-json\/wp\/v2\/types\/post"}],"author":[{"embeddable":true,"href":"https:\/\/comjib.org\/pt-pt\/wp-json\/wp\/v2\/users\/34416"}],"replies":[{"embeddable":true,"href":"https:\/\/comjib.org\/pt-pt\/wp-json\/wp\/v2\/comments?post=6418"}],"version-history":[{"count":3,"href":"https:\/\/comjib.org\/pt-pt\/wp-json\/wp\/v2\/posts\/6418\/revisions"}],"predecessor-version":[{"id":6421,"href":"https:\/\/comjib.org\/pt-pt\/wp-json\/wp\/v2\/posts\/6418\/revisions\/6421"}],"wp:featuredmedia":[{"embeddable":true,"href":"https:\/\/comjib.org\/pt-pt\/wp-json\/wp\/v2\/media\/5752"}],"wp:attachment":[{"href":"https:\/\/comjib.org\/pt-pt\/wp-json\/wp\/v2\/media?parent=6418"}],"wp:term":[{"taxonomy":"category","embeddable":true,"href":"https:\/\/comjib.org\/pt-pt\/wp-json\/wp\/v2\/categories?post=6418"},{"taxonomy":"post_tag","embeddable":true,"href":"https:\/\/comjib.org\/pt-pt\/wp-json\/wp\/v2\/tags?post=6418"}],"curies":[{"name":"wp","href":"https:\/\/api.w.org\/{rel}","templated":true}]}}