{"id":6414,"date":"2022-11-28T10:25:07","date_gmt":"2022-11-28T09:25:07","guid":{"rendered":"https:\/\/comjib.org\/reunion-comjib-sobre-reformas-de-los-sistemas-penitenciarios\/"},"modified":"2024-12-23T10:56:53","modified_gmt":"2024-12-23T09:56:53","slug":"reunion-comjib-sobre-reformas-de-los-sistemas-penitenciarios","status":"publish","type":"post","link":"https:\/\/comjib.org\/pt-pt\/reunion-comjib-sobre-reformas-de-los-sistemas-penitenciarios\/","title":{"rendered":"Reuni\u00e3o da COMJIB sobre Reformas dos Sistemas Penitenci\u00e1rios"},"content":{"rendered":"\r\n\r\n\r\n<p class=\"p1\">Nos dias 11 e 12 de outubro, em Santo Domingo, foi realizada a segunda das reuni\u00f5es presenciais das linhas de trabalho da COMJIB ap\u00f3s a pandemia do COVID-19. A reuni\u00e3o da L4, linha de Reformas dos Sistemas Penitenci\u00e1rios, foi inaugurada pela Procuradora-Geral da Rep\u00fablica Dominicana, Miriam Germ\u00e1n Brito, que destacou a import\u00e2ncia de reunir experi\u00eancias e conhecimentos dos pa\u00edses da regi\u00e3o para alcan\u00e7ar as reformas necess\u00e1rias. &#8220;Temos mais uma vez a oportunidade de ver e revisar toda a documenta\u00e7\u00e3o e experi\u00eancia gerada a esse respeito e estabelecer nosso plano de trabalho para os pr\u00f3ximos anos, tendo em cada campo espec\u00edfico uma fluida troca de experi\u00eancias que foram geradas nos nossos pa\u00edses sobre esta importante quest\u00e3o\u201d, apontou. Acrescentou que a reforma dos sistemas penitenci\u00e1rios deve ser considerada \u201ccomo parte integrante da persecu\u00e7\u00e3o do crime e, portanto, deve ser inclu\u00edda nos planos de preven\u00e7\u00e3o ao crime em nossos Estados\u201d.<\/p>\r\n<p class=\"p1\">A Procuradora-Geral da Rep\u00fablica Dominicana, falando da reuni\u00e3o organizada pela COMJIB, indicou que &#8220;o trabalho deste grupo ser\u00e1 conseguir o reconhecimento da necessidade de um consenso social proativo para colocar a quest\u00e3o da reforma penitenci\u00e1ria no interesse de nossas na\u00e7\u00f5es, tratando essencialmente de conseguir a reabilita\u00e7\u00e3o para devolver \u00e0 sociedade homens e mulheres disciplinados e produtivos, respeitosos da lei e da sociedade.\u201d<\/p>\r\n<p class=\"p1\">O Secret\u00e1rio-Geral da COMJIB, Enrique Gil Botero, participou virtualmente do evento, indicando que \u201cA import\u00e2ncia estrat\u00e9gica da quest\u00e3o penitenci\u00e1ria \u00e9 clara dentro da Confer\u00eancia, pois a maioria das institui\u00e7\u00f5es de nossa parte det\u00e9m esta compet\u00eancia crucial para todo o Estado de Direito e porque, infelizmente, as pris\u00f5es da regi\u00e3o protagonizaram algumas das p\u00e1ginas mais sombrias de nossas sociedades modernas. A pandemia mais uma vez revelou com mais dureza o que j\u00e1 sab\u00edamos, que n\u00e3o h\u00e1 justi\u00e7a sem pris\u00f5es decentes e humanizadas.\u201d<\/p>\r\n<p class=\"p1\">A reuni\u00e3o foi moderada por Luz Entrena, assessora t\u00e9cnica da COMJIB, e contou com a presen\u00e7a de Rodolfo Espi\u00f1eira, subprocurador-geral da Rep\u00fablica Dominicana, bem como de Claudia Sosa, representante do Paraguai; Nataly Mishel Carrera, pelo Equador; Bruna Nowak e Sandro Sousa, pelo Brasil; Koritza Mabel Ortez, por Honduras, e Mar\u00eda Laura Garrig\u00f3s, pela Argentina. O encontro foi poss\u00edvel gra\u00e7as \u00e0 recep\u00e7\u00e3o da Procuradoria Geral da Rep\u00fablica &#8211; PGR e ao apoio da Coopera\u00e7\u00e3o Espanhola.<\/p>\r\n<p class=\"p1\">Durante a reuni\u00e3o, foram tomadas decis\u00f5es sobre a pr\u00f3xima programa\u00e7\u00e3o da COMJIB para 2023 e avan\u00e7ou-se na defini\u00e7\u00e3o de um mecanismo pr\u00f3prio de acompanhamento de todo o acervo da COMJIB no campo da execu\u00e7\u00e3o penal. As delegadas puderam visitar o Centro Penitenci\u00e1rio Feminino de Najayo e a Escola Penitenci\u00e1ria Nacional da Rep\u00fablica Dominicana.<\/p>\r\n<p class=\"p1\">Os pr\u00f3ximos encontros presenciais ocorrer\u00e3o conjuntamente na semana de 28 de novembro a 2 de dezembro em Santiago do Chile (Linha 1 de Acesso \u00e0 Justi\u00e7a e sinergias com o Programa Ibero-Americano de Acesso \u00e0 Justi\u00e7a (PIAJ) e Linha 5 de Equidade de G\u00eanero) e em 12 e 13 de dezembro em Montevid\u00e9u (Linha 3 Coopera\u00e7\u00e3o jur\u00eddica internacional, IberRed e luta contra o crime organizado transnacional).<\/p>\r\n\r\n\r\n\r\n<figure class=\"wp-block-image size-large\"><img loading=\"lazy\" decoding=\"async\" width=\"1024\" height=\"576\" class=\"wp-image-4542\" src=\"https:\/\/comjib.org\/wp-content\/uploads\/2022\/11\/IMG-20221011-WA0005-1024x576.jpeg\" alt=\"\" srcset=\"https:\/\/comjib.org\/wp-content\/uploads\/2022\/11\/IMG-20221011-WA0005-1024x576.jpeg 1024w, https:\/\/comjib.org\/wp-content\/uploads\/2022\/11\/IMG-20221011-WA0005-300x169.jpeg 300w, https:\/\/comjib.org\/wp-content\/uploads\/2022\/11\/IMG-20221011-WA0005-768x432.jpeg 768w, https:\/\/comjib.org\/wp-content\/uploads\/2022\/11\/IMG-20221011-WA0005-1536x864.jpeg 1536w, https:\/\/comjib.org\/wp-content\/uploads\/2022\/11\/IMG-20221011-WA0005-2048x1152.jpeg 2048w\" sizes=\"(max-width: 1024px) 100vw, 1024px\" \/><\/figure>\r\n\r\n\r\n\r\n<p>&nbsp;<\/p>\r\n","protected":false},"excerpt":{"rendered":"<p>Nos dias 11 e 12 de outubro, em Santo Domingo, foi realizada a segunda das reuni\u00f5es presenciais das linhas de trabalho da COMJIB ap\u00f3s a pandemia do COVID-19. A reuni\u00e3o da L4, linha de Reformas dos Sistemas Penitenci\u00e1rios, foi inaugurada pela Procuradora-Geral da Rep\u00fablica Dominicana, Miriam Germ\u00e1n Brito, que destacou a import\u00e2ncia de reunir experi\u00eancias [&hellip;]<\/p>\n","protected":false},"author":3,"featured_media":5754,"comment_status":"closed","ping_status":"closed","sticky":false,"template":"","format":"standard","meta":{"_et_pb_use_builder":"","_et_pb_old_content":"","_et_gb_content_width":"","footnotes":""},"categories":[116],"tags":[117],"class_list":["post-6414","post","type-post","status-publish","format-standard","has-post-thumbnail","hentry","category-noticias-pt-pt-pt","tag-noticias-pt-pt-pt"],"_links":{"self":[{"href":"https:\/\/comjib.org\/pt-pt\/wp-json\/wp\/v2\/posts\/6414","targetHints":{"allow":["GET"]}}],"collection":[{"href":"https:\/\/comjib.org\/pt-pt\/wp-json\/wp\/v2\/posts"}],"about":[{"href":"https:\/\/comjib.org\/pt-pt\/wp-json\/wp\/v2\/types\/post"}],"author":[{"embeddable":true,"href":"https:\/\/comjib.org\/pt-pt\/wp-json\/wp\/v2\/users\/3"}],"replies":[{"embeddable":true,"href":"https:\/\/comjib.org\/pt-pt\/wp-json\/wp\/v2\/comments?post=6414"}],"version-history":[{"count":1,"href":"https:\/\/comjib.org\/pt-pt\/wp-json\/wp\/v2\/posts\/6414\/revisions"}],"predecessor-version":[{"id":6415,"href":"https:\/\/comjib.org\/pt-pt\/wp-json\/wp\/v2\/posts\/6414\/revisions\/6415"}],"wp:featuredmedia":[{"embeddable":true,"href":"https:\/\/comjib.org\/pt-pt\/wp-json\/wp\/v2\/media\/5754"}],"wp:attachment":[{"href":"https:\/\/comjib.org\/pt-pt\/wp-json\/wp\/v2\/media?parent=6414"}],"wp:term":[{"taxonomy":"category","embeddable":true,"href":"https:\/\/comjib.org\/pt-pt\/wp-json\/wp\/v2\/categories?post=6414"},{"taxonomy":"post_tag","embeddable":true,"href":"https:\/\/comjib.org\/pt-pt\/wp-json\/wp\/v2\/tags?post=6414"}],"curies":[{"name":"wp","href":"https:\/\/api.w.org\/{rel}","templated":true}]}}