{"id":6409,"date":"2022-11-28T10:29:59","date_gmt":"2022-11-28T09:29:59","guid":{"rendered":"https:\/\/comjib.org\/?p=6409"},"modified":"2024-12-23T10:54:36","modified_gmt":"2024-12-23T09:54:36","slug":"nicaragua-ratifica-o-acordo-ibero-americano-sobre-o-uso-de-videoconferencia-promovido-pela-comjib","status":"publish","type":"post","link":"https:\/\/comjib.org\/pt-pt\/nicaragua-ratifica-o-acordo-ibero-americano-sobre-o-uso-de-videoconferencia-promovido-pela-comjib\/","title":{"rendered":"Nicar\u00e1gua ratifica o Acordo Ibero-Americano sobre o Uso de Videoconfer\u00eancia promovido pela COMJIB"},"content":{"rendered":"<p class=\"p1\">Em 7 de novembro de 2022, a Secretaria-Geral da COMJIB recebeu o dep\u00f3sito de ades\u00e3o da Rep\u00fablica da Nicar\u00e1gua <i>ao Acordo Ibero-Americano sobre o Uso da Videoconfer\u00eancia na Coopera\u00e7\u00e3o Internacional entre Sistemas de Justi\u00e7a<\/i> e o seu <i>Protocolo Adicional relativo a custas, regime lingu\u00edstico e remiss\u00e3o de solicita\u00e7\u00f5es.<\/i><i><\/i><\/p>\n<p class=\"p1\">Este Acordo, que entrou em vigor em 17 de julho de 2014, e seu Protocolo Adicional (em vigor desde 24 de agosto de 2016) visam fortalecer a coopera\u00e7\u00e3o regional e internacional em mat\u00e9ria civil, comercial e penal, e em outros assuntos que sejam acordados, por meio do uso de novas tecnologias.<\/p>\n<p class=\"p1\">Desta forma, a Rep\u00fablica da Nicar\u00e1gua torna-se o oitavo Estado que deposita o instrumento de ratifica\u00e7\u00e3o do referido acordo, sendo os demais pa\u00edses: Costa Rica, Panam\u00e1, Paraguai, Espanha, Rep\u00fablica Dominicana, Equador e M\u00e9xico. Finalmente, o Acordo e seu protocolo adicional entrar\u00e3o em vigor para esse pa\u00eds em 7 de mar\u00e7o de 2023.<\/p>\n<p class=\"p1\">Pode consultar ambos os documentos atrav\u00e9s do seguinte link:<\/p>\n<p class=\"p1\"><span class=\"s1\"><a href=\"https:\/\/drive.google.com\/drive\/folders\/1AyHxwlKUhfLz-FGpW4ExHjVEhExVaCu8?usp=sharing\">https:\/\/drive.google.com\/drive\/folders\/1AyHxwlKUhfLz-FGpW4ExHjVEhExVaCu8?usp=sharing<\/a><\/span><\/p>\n","protected":false},"excerpt":{"rendered":"<p>Em 7 de novembro de 2022, a Secretaria-Geral da COMJIB recebeu o dep\u00f3sito de ades\u00e3o da Rep\u00fablica da Nicar\u00e1gua ao Acordo Ibero-Americano sobre o Uso da Videoconfer\u00eancia na Coopera\u00e7\u00e3o Internacional entre Sistemas de Justi\u00e7a e o seu Protocolo Adicional relativo a custas, regime lingu\u00edstico e remiss\u00e3o de solicita\u00e7\u00f5es. Este Acordo, que entrou em vigor em [&hellip;]<\/p>\n","protected":false},"author":34416,"featured_media":5755,"comment_status":"closed","ping_status":"closed","sticky":false,"template":"","format":"standard","meta":{"_et_pb_use_builder":"","_et_pb_old_content":"","_et_gb_content_width":"","footnotes":""},"categories":[116],"tags":[117],"class_list":["post-6409","post","type-post","status-publish","format-standard","has-post-thumbnail","hentry","category-noticias-pt-pt-pt","tag-noticias-pt-pt-pt"],"_links":{"self":[{"href":"https:\/\/comjib.org\/pt-pt\/wp-json\/wp\/v2\/posts\/6409","targetHints":{"allow":["GET"]}}],"collection":[{"href":"https:\/\/comjib.org\/pt-pt\/wp-json\/wp\/v2\/posts"}],"about":[{"href":"https:\/\/comjib.org\/pt-pt\/wp-json\/wp\/v2\/types\/post"}],"author":[{"embeddable":true,"href":"https:\/\/comjib.org\/pt-pt\/wp-json\/wp\/v2\/users\/34416"}],"replies":[{"embeddable":true,"href":"https:\/\/comjib.org\/pt-pt\/wp-json\/wp\/v2\/comments?post=6409"}],"version-history":[{"count":1,"href":"https:\/\/comjib.org\/pt-pt\/wp-json\/wp\/v2\/posts\/6409\/revisions"}],"predecessor-version":[{"id":6410,"href":"https:\/\/comjib.org\/pt-pt\/wp-json\/wp\/v2\/posts\/6409\/revisions\/6410"}],"wp:featuredmedia":[{"embeddable":true,"href":"https:\/\/comjib.org\/pt-pt\/wp-json\/wp\/v2\/media\/5755"}],"wp:attachment":[{"href":"https:\/\/comjib.org\/pt-pt\/wp-json\/wp\/v2\/media?parent=6409"}],"wp:term":[{"taxonomy":"category","embeddable":true,"href":"https:\/\/comjib.org\/pt-pt\/wp-json\/wp\/v2\/categories?post=6409"},{"taxonomy":"post_tag","embeddable":true,"href":"https:\/\/comjib.org\/pt-pt\/wp-json\/wp\/v2\/tags?post=6409"}],"curies":[{"name":"wp","href":"https:\/\/api.w.org\/{rel}","templated":true}]}}