{"id":6405,"date":"2022-12-05T12:19:00","date_gmt":"2022-12-05T11:19:00","guid":{"rendered":"https:\/\/comjib.org\/?p=6405"},"modified":"2024-12-23T10:45:50","modified_gmt":"2024-12-23T09:45:50","slug":"comjib-e-piaj-em-santiago-do-chile","status":"publish","type":"post","link":"https:\/\/comjib.org\/pt-pt\/comjib-e-piaj-em-santiago-do-chile\/","title":{"rendered":"COMJIB e PIAJ em Santiago do Chile"},"content":{"rendered":"<p class=\"p1\">Durante a semana de 28 de novembro a 2 de dezembro, v\u00e1rias reuni\u00f5es presenciais organizadas pela COMJIB foram realizadas em Santiago do Chile. A primeira das reuni\u00f5es foi a reuni\u00e3o do Programa PIAJ que come\u00e7ou com as palavras de boas-vindas do Secret\u00e1rio-Geral da COMJIB, Enrique Gil Botero. Neste dia, ocorreu a vota\u00e7\u00e3o e elei\u00e7\u00e3o da Presid\u00eancia do Programa para o exerc\u00edcio financeiro de 2023, com a vit\u00f3ria un\u00e2nime da Ministra da Justi\u00e7a e Direitos Humanos do Chile, Marcela R\u00edos Tobar.<\/p>\n<p class=\"p1\">No mesmo dia, de forma h\u00edbrida, foi realizada a oficina de reda\u00e7\u00e3o do Acordo Ibero-Americano de Acesso \u00e0 Justi\u00e7a com grande representa\u00e7\u00e3o presencial dos pa\u00edses membros da COMJIB, como Argentina, Brasil, Chile, Espanha, Paraguai, Peru e Rep\u00fablica Dominicana, al\u00e9m de todos aqueles que participaram remotamente.<\/p>\n<p class=\"p1\">No dia 29 de novembro, o Secret\u00e1rio-Geral da COMJIB, Enrique Gil Botero, inaugurou a reuni\u00e3o presencial da L1 da COMJIB sobre Acesso \u00e0 Justi\u00e7a e sinergias com o Programa Ibero-Americano de Acesso \u00e0 Justi\u00e7a e, no dia 1 de dezembro, iniciou a reuni\u00e3o da L5, sobre Equidade de G\u00eanero. As reuni\u00f5es foram realizadas gra\u00e7as ao apoio financeiro da Coopera\u00e7\u00e3o Espanhola. Ambas linhas de trabalho revisaram os seus planos de trabalho para 2022 e novas propostas e projetos para 2023, conheceram as funcionalidades do novo PIAJE (<a href=\"https:\/\/e-justicia-iberoamerica.org\/\"><span class=\"s1\">Portal Ibero-Americano de Justi\u00e7a Eletr\u00f4nica<\/span><\/a>) e acompanharam a assist\u00eancia t\u00e9cnica nas metodologias de trabalho dos Grupos e estudo de boas pr\u00e1ticas. Tamb\u00e9m foram discutidos temas espec\u00edficos de cada linha, como a identifica\u00e7\u00e3o de necessidades legais insatisfeitas, a prote\u00e7\u00e3o de mulheres em situa\u00e7\u00e3o de viol\u00eancia de g\u00eanero no MERCOSUL ou a Iniciativa Ibero-Americana da SEGIB para Prevenir e Eliminar a Viol\u00eancia contra a Mulher, apresentada pela chefe do departamento de rela\u00e7\u00f5es internacionais do Minist\u00e9rio da Mulher e Igualdade de G\u00e9nero, Anita Pe\u00f1a.<\/p>\n","protected":false},"excerpt":{"rendered":"<p>Durante a semana de 28 de novembro a 2 de dezembro, v\u00e1rias reuni\u00f5es presenciais organizadas pela COMJIB foram realizadas em Santiago do Chile. A primeira das reuni\u00f5es foi a reuni\u00e3o do Programa PIAJ que come\u00e7ou com as palavras de boas-vindas do Secret\u00e1rio-Geral da COMJIB, Enrique Gil Botero. Neste dia, ocorreu a vota\u00e7\u00e3o e elei\u00e7\u00e3o da [&hellip;]<\/p>\n","protected":false},"author":34416,"featured_media":5770,"comment_status":"closed","ping_status":"closed","sticky":false,"template":"","format":"standard","meta":{"_et_pb_use_builder":"","_et_pb_old_content":"","_et_gb_content_width":"","footnotes":""},"categories":[116],"tags":[117],"class_list":["post-6405","post","type-post","status-publish","format-standard","has-post-thumbnail","hentry","category-noticias-pt-pt-pt","tag-noticias-pt-pt-pt"],"_links":{"self":[{"href":"https:\/\/comjib.org\/pt-pt\/wp-json\/wp\/v2\/posts\/6405","targetHints":{"allow":["GET"]}}],"collection":[{"href":"https:\/\/comjib.org\/pt-pt\/wp-json\/wp\/v2\/posts"}],"about":[{"href":"https:\/\/comjib.org\/pt-pt\/wp-json\/wp\/v2\/types\/post"}],"author":[{"embeddable":true,"href":"https:\/\/comjib.org\/pt-pt\/wp-json\/wp\/v2\/users\/34416"}],"replies":[{"embeddable":true,"href":"https:\/\/comjib.org\/pt-pt\/wp-json\/wp\/v2\/comments?post=6405"}],"version-history":[{"count":1,"href":"https:\/\/comjib.org\/pt-pt\/wp-json\/wp\/v2\/posts\/6405\/revisions"}],"predecessor-version":[{"id":6406,"href":"https:\/\/comjib.org\/pt-pt\/wp-json\/wp\/v2\/posts\/6405\/revisions\/6406"}],"wp:featuredmedia":[{"embeddable":true,"href":"https:\/\/comjib.org\/pt-pt\/wp-json\/wp\/v2\/media\/5770"}],"wp:attachment":[{"href":"https:\/\/comjib.org\/pt-pt\/wp-json\/wp\/v2\/media?parent=6405"}],"wp:term":[{"taxonomy":"category","embeddable":true,"href":"https:\/\/comjib.org\/pt-pt\/wp-json\/wp\/v2\/categories?post=6405"},{"taxonomy":"post_tag","embeddable":true,"href":"https:\/\/comjib.org\/pt-pt\/wp-json\/wp\/v2\/tags?post=6405"}],"curies":[{"name":"wp","href":"https:\/\/api.w.org\/{rel}","templated":true}]}}