{"id":6401,"date":"2022-12-14T10:26:32","date_gmt":"2022-12-14T09:26:32","guid":{"rendered":"https:\/\/comjib.org\/?p=6401"},"modified":"2024-12-23T10:35:01","modified_gmt":"2024-12-23T09:35:01","slug":"uruguai-ratifica-o-tratado-de-medellin","status":"publish","type":"post","link":"https:\/\/comjib.org\/pt-pt\/uruguai-ratifica-o-tratado-de-medellin\/","title":{"rendered":"Uruguai ratifica o Tratado de Medell\u00edn"},"content":{"rendered":"<p class=\"p1\">Em 23 de novembro de 2022, a Rep\u00fablica Oriental do Uruguai, representada pela Exma. Embaixadora Sra. Ana Teresa Ayala Barrios, depositou na sede da COMJIB o instrumento de ratifica\u00e7\u00e3o do Tratado de Medell\u00edn. O Tratado Relativo \u00e0 Transmiss\u00e3o Eletr\u00f3nica de Pedidos de Coopera\u00e7\u00e3o Jur\u00eddica e Judici\u00e1ria Internacional entre Autoridades Centrais j\u00e1 conta com 12 assinaturas (de Argentina, Brasil, Chile, Col\u00f4mbia, Espanha, Paraguai, Portugal, Uruguai, Andorra, Cuba e Equador) e al\u00e9m de Andorra, Cuba, Espanha e Uruguai foi ratificado pelos Congressos da Col\u00f4mbia e do Paraguai, aguardando-se apenas o dep\u00f3sito do instrumento de ratifica\u00e7\u00e3o na sede da COMJIB para que o Tratado duplique os seus Estados Partes.<\/p>\n<p class=\"p1\">O acordo est\u00e1 em vigor desde 9 de maio de 2022 e entrar\u00e1 em vigor para a Rep\u00fablica Oriental do Uruguai em 22 de janeiro de 2023, ap\u00f3s sessenta dias corridos a partir da data de dep\u00f3sito do instrumento de ratifica\u00e7\u00e3o.<\/p>\n<p class=\"p1\">O Tratado est\u00e1 aberto \u00e0 ades\u00e3o de terceiros Estados e a Secretaria Geral da COMJIB e IberRed est\u00e1 assessorando os pa\u00edses que est\u00e3o avaliando a sua ades\u00e3o a esta valiosa ferramenta de coopera\u00e7\u00e3o jur\u00eddica internacional.<\/p>\n","protected":false},"excerpt":{"rendered":"<p>Em 23 de novembro de 2022, a Rep\u00fablica Oriental do Uruguai, representada pela Exma. Embaixadora Sra. Ana Teresa Ayala Barrios, depositou na sede da COMJIB o instrumento de ratifica\u00e7\u00e3o do Tratado de Medell\u00edn. O Tratado Relativo \u00e0 Transmiss\u00e3o Eletr\u00f3nica de Pedidos de Coopera\u00e7\u00e3o Jur\u00eddica e Judici\u00e1ria Internacional entre Autoridades Centrais j\u00e1 conta com 12 assinaturas [&hellip;]<\/p>\n","protected":false},"author":34416,"featured_media":5756,"comment_status":"closed","ping_status":"closed","sticky":false,"template":"","format":"standard","meta":{"_et_pb_use_builder":"","_et_pb_old_content":"","_et_gb_content_width":"","footnotes":""},"categories":[116],"tags":[117],"class_list":["post-6401","post","type-post","status-publish","format-standard","has-post-thumbnail","hentry","category-noticias-pt-pt-pt","tag-noticias-pt-pt-pt"],"_links":{"self":[{"href":"https:\/\/comjib.org\/pt-pt\/wp-json\/wp\/v2\/posts\/6401","targetHints":{"allow":["GET"]}}],"collection":[{"href":"https:\/\/comjib.org\/pt-pt\/wp-json\/wp\/v2\/posts"}],"about":[{"href":"https:\/\/comjib.org\/pt-pt\/wp-json\/wp\/v2\/types\/post"}],"author":[{"embeddable":true,"href":"https:\/\/comjib.org\/pt-pt\/wp-json\/wp\/v2\/users\/34416"}],"replies":[{"embeddable":true,"href":"https:\/\/comjib.org\/pt-pt\/wp-json\/wp\/v2\/comments?post=6401"}],"version-history":[{"count":1,"href":"https:\/\/comjib.org\/pt-pt\/wp-json\/wp\/v2\/posts\/6401\/revisions"}],"predecessor-version":[{"id":6402,"href":"https:\/\/comjib.org\/pt-pt\/wp-json\/wp\/v2\/posts\/6401\/revisions\/6402"}],"wp:featuredmedia":[{"embeddable":true,"href":"https:\/\/comjib.org\/pt-pt\/wp-json\/wp\/v2\/media\/5756"}],"wp:attachment":[{"href":"https:\/\/comjib.org\/pt-pt\/wp-json\/wp\/v2\/media?parent=6401"}],"wp:term":[{"taxonomy":"category","embeddable":true,"href":"https:\/\/comjib.org\/pt-pt\/wp-json\/wp\/v2\/categories?post=6401"},{"taxonomy":"post_tag","embeddable":true,"href":"https:\/\/comjib.org\/pt-pt\/wp-json\/wp\/v2\/tags?post=6401"}],"curies":[{"name":"wp","href":"https:\/\/api.w.org\/{rel}","templated":true}]}}