{"id":6398,"date":"2022-12-14T10:33:11","date_gmt":"2022-12-14T09:33:11","guid":{"rendered":"https:\/\/comjib.org\/?p=6398"},"modified":"2024-12-23T10:33:53","modified_gmt":"2024-12-23T09:33:53","slug":"acordo-ibero-americano-de-acesso-a-justica","status":"publish","type":"post","link":"https:\/\/comjib.org\/pt-pt\/acordo-ibero-americano-de-acesso-a-justica\/","title":{"rendered":"Acordo Ibero-Americano de Acesso \u00e0 Justi\u00e7a"},"content":{"rendered":"<p class=\"p1\">Em 2021, iniciaram-se os trabalhos preparat\u00f3rios para a defini\u00e7\u00e3o de um Acordo Ibero-Americano de Acesso \u00e0 Justi\u00e7a, processo liderado pela Confer\u00eancia de Ministros da Justi\u00e7a dos Pa\u00edses Ibero-americanos (COMJIB), juntamente com a Cimeira Judicial Ibero-Americana (CJI), e a participa\u00e7\u00e3o da Secretaria Geral Ibero-Americana (SEGIB), da Presid\u00eancia do Programa Ibero-Americano de Acesso \u00e0 Justi\u00e7a (PIAJ) e do Programa EUROsociAL da Uni\u00e3o Europ\u00e9ia.<\/p>\n<p class=\"p1\">Na XXII Assembleia Plen\u00e1ria da COMJIB, realizada virtualmente em 21 de julho de 2022, foi dado o aval definitivo \u00e0 elabora\u00e7\u00e3o do Acordo Ibero-Americano de Acesso \u00e0 Justi\u00e7a e a Secretaria-Geral foi instada a avan\u00e7ar na defini\u00e7\u00e3o de um roteiro para o seu desenvolvimento com ampla participa\u00e7\u00e3o de todos os setores, em coordena\u00e7\u00e3o com a SEGIB e a Cimeira Judicial Ibero-Americana, com o objetivo de fortalecer os marcos convencionais e garantir a efetiva igualdade de acesso \u00e0 justi\u00e7a para todas as pessoas, especialmente aquelas em situa\u00e7\u00e3o de vulnerabilidade. Um compromisso essencial para promover sociedades justas, pac\u00edficas e inclusivas, em linha com o Objetivo de Desenvolvimento Sustent\u00e1vel 16 da Agenda 2030 das Na\u00e7\u00f5es Unidas, para n\u00e3o deixar ningu\u00e9m para tr\u00e1s.<\/p>\n<p class=\"p1\">Neste processo de defini\u00e7\u00e3o do Acordo, consideramos fundamental a participa\u00e7\u00e3o de organiza\u00e7\u00f5es da sociedade civil e outras organiza\u00e7\u00f5es com longa hist\u00f3ria de atua\u00e7\u00e3o na \u00e1rea de justi\u00e7a na regi\u00e3o, o que sem d\u00favida contribuir\u00e1 para fortalecer e enriquecer a iniciativa do Acordo.<\/p>\n<p class=\"p1\">Com este objetivo, convidamos a preencher o seguinte formul\u00e1rio que nos ajudar\u00e1 a desenvolver o Acordo Ibero-Americano de Acesso \u00e0 Justi\u00e7a da melhor maneira poss\u00edvel.<\/p>\n<p class=\"p1\">Muito obrigado pela sua valiosa colabora\u00e7\u00e3o.<\/p>\n<p class=\"p1\"><span class=\"s1\"><a href=\"https:\/\/docs.google.com\/forms\/d\/1ecwztCMPvDUmCRERicZ456a_PSbzGKQkQoDNbrxHM3Q\/viewform?ts=637cdb31&amp;edit_requested=true\">https:\/\/docs.google.com\/forms\/d\/1ecwztCMPvDUmCRERicZ456a_PSbzGKQkQoDNbrxHM3Q\/viewform?ts=637cdb31&amp;edit_requested=true<\/a><\/span><\/p>\n<p class=\"p1\">Ao mesmo tempo, convidamos voc\u00ea a participar do webinar de apresenta\u00e7\u00e3o da iniciativa Acordo Ibero-Americano de Acesso \u00e0 Justi\u00e7a, para o qual voc\u00ea pode se inscrever no seguinte link:<\/p>\n<p class=\"p1\"><span class=\"s1\"><a href=\"https:\/\/docs.google.com\/forms\/d\/e\/1FAIpQLSdqMDmUUNb6DswOO_OEP4zDYnqoGFAai5TLrKYy1iDtk24Seg\/viewform?usp=sf_link\">https:\/\/docs.google.com\/forms\/d\/e\/1FAIpQLSdqMDmUUNb6DswOO_OEP4zDYnqoGFAai5TLrKYy1iDtk24Seg\/viewform?usp=sf_link<\/a><\/span><\/p>\n","protected":false},"excerpt":{"rendered":"<p>Em 2021, iniciaram-se os trabalhos preparat\u00f3rios para a defini\u00e7\u00e3o de um Acordo Ibero-Americano de Acesso \u00e0 Justi\u00e7a, processo liderado pela Confer\u00eancia de Ministros da Justi\u00e7a dos Pa\u00edses Ibero-americanos (COMJIB), juntamente com a Cimeira Judicial Ibero-Americana (CJI), e a participa\u00e7\u00e3o da Secretaria Geral Ibero-Americana (SEGIB), da Presid\u00eancia do Programa Ibero-Americano de Acesso \u00e0 Justi\u00e7a (PIAJ) e [&hellip;]<\/p>\n","protected":false},"author":34416,"featured_media":5757,"comment_status":"closed","ping_status":"closed","sticky":false,"template":"","format":"standard","meta":{"_et_pb_use_builder":"","_et_pb_old_content":"","_et_gb_content_width":"","footnotes":""},"categories":[116],"tags":[117],"class_list":["post-6398","post","type-post","status-publish","format-standard","has-post-thumbnail","hentry","category-noticias-pt-pt-pt","tag-noticias-pt-pt-pt"],"_links":{"self":[{"href":"https:\/\/comjib.org\/pt-pt\/wp-json\/wp\/v2\/posts\/6398","targetHints":{"allow":["GET"]}}],"collection":[{"href":"https:\/\/comjib.org\/pt-pt\/wp-json\/wp\/v2\/posts"}],"about":[{"href":"https:\/\/comjib.org\/pt-pt\/wp-json\/wp\/v2\/types\/post"}],"author":[{"embeddable":true,"href":"https:\/\/comjib.org\/pt-pt\/wp-json\/wp\/v2\/users\/34416"}],"replies":[{"embeddable":true,"href":"https:\/\/comjib.org\/pt-pt\/wp-json\/wp\/v2\/comments?post=6398"}],"version-history":[{"count":1,"href":"https:\/\/comjib.org\/pt-pt\/wp-json\/wp\/v2\/posts\/6398\/revisions"}],"predecessor-version":[{"id":6399,"href":"https:\/\/comjib.org\/pt-pt\/wp-json\/wp\/v2\/posts\/6398\/revisions\/6399"}],"wp:featuredmedia":[{"embeddable":true,"href":"https:\/\/comjib.org\/pt-pt\/wp-json\/wp\/v2\/media\/5757"}],"wp:attachment":[{"href":"https:\/\/comjib.org\/pt-pt\/wp-json\/wp\/v2\/media?parent=6398"}],"wp:term":[{"taxonomy":"category","embeddable":true,"href":"https:\/\/comjib.org\/pt-pt\/wp-json\/wp\/v2\/categories?post=6398"},{"taxonomy":"post_tag","embeddable":true,"href":"https:\/\/comjib.org\/pt-pt\/wp-json\/wp\/v2\/tags?post=6398"}],"curies":[{"name":"wp","href":"https:\/\/api.w.org\/{rel}","templated":true}]}}