{"id":6395,"date":"2022-12-14T12:21:00","date_gmt":"2022-12-14T11:21:00","guid":{"rendered":"https:\/\/comjib.org\/?p=6395"},"modified":"2024-12-23T10:31:19","modified_gmt":"2024-12-23T09:31:19","slug":"reuniao-da-l3-da-comjib-em-montevideu","status":"publish","type":"post","link":"https:\/\/comjib.org\/pt-pt\/reuniao-da-l3-da-comjib-em-montevideu\/","title":{"rendered":"Reuni\u00e3o da L3 da COMJIB em Montevid\u00e9u"},"content":{"rendered":"<p class=\"p1\">Nos dias 12 e 13 de dezembro, no Centro de Forma\u00e7\u00e3o da Coopera\u00e7\u00e3o Espanhola em Montevid\u00e9u, reuniram-se os participantes da L3 da COMJIB, de Coopera\u00e7\u00e3o Jur\u00eddica Internacional, IberRed e a luta contra o crime organizado transnacional.<\/p>\n<p class=\"p1\">Este encontro, organizado com o apoio da Coopera\u00e7\u00e3o Espanhola, do Minist\u00e9rio da Justi\u00e7a da Espanha e do Minist\u00e9rio da Educa\u00e7\u00e3o e Cultura do Uruguai, contou com a presen\u00e7a de representantes da Argentina, Brasil, Chile, Cuba, El Salvador, Espanha, Paraguai, Rep\u00fablica Dominicana e Uruguai.<\/p>\n<p class=\"p1\">Os participantes revisaram o plano de trabalho de 2022 e novas propostas e projetos para 2023, conheceram as funcionalidades do novo PIAJE (<a href=\"https:\/\/e-justicia-iberoamerica.org\/\"><span class=\"s1\">Portal Ibero-Americano de Justi\u00e7a Eletr\u00f4nica<\/span><\/a>) e acompanharam a assist\u00eancia t\u00e9cnica sobre as metodologias de trabalho dos Grupos e estudo de boas pr\u00e1ticas. Foi verificado o estado de assinaturas e ratifica\u00e7\u00f5es do Tratado de Medell\u00edn, Conven\u00e7\u00e3o para a Coopera\u00e7\u00e3o em Mat\u00e9ria de Equipes de Investiga\u00e7\u00e3o Conjunta e outros acordos da COMJIB, foram discutidos o novo regulamento da IberRed e outros assuntos pertinentes da linha. No \u00faltimo dia, foi realizada uma visita ao Congresso da Rep\u00fablica Oriental do Uruguai.<\/p>\n","protected":false},"excerpt":{"rendered":"<p>Nos dias 12 e 13 de dezembro, no Centro de Forma\u00e7\u00e3o da Coopera\u00e7\u00e3o Espanhola em Montevid\u00e9u, reuniram-se os participantes da L3 da COMJIB, de Coopera\u00e7\u00e3o Jur\u00eddica Internacional, IberRed e a luta contra o crime organizado transnacional. Este encontro, organizado com o apoio da Coopera\u00e7\u00e3o Espanhola, do Minist\u00e9rio da Justi\u00e7a da Espanha e do Minist\u00e9rio da [&hellip;]<\/p>\n","protected":false},"author":34416,"featured_media":5771,"comment_status":"closed","ping_status":"closed","sticky":false,"template":"","format":"standard","meta":{"_et_pb_use_builder":"","_et_pb_old_content":"","_et_gb_content_width":"","footnotes":""},"categories":[116],"tags":[117],"class_list":["post-6395","post","type-post","status-publish","format-standard","has-post-thumbnail","hentry","category-noticias-pt-pt-pt","tag-noticias-pt-pt-pt"],"_links":{"self":[{"href":"https:\/\/comjib.org\/pt-pt\/wp-json\/wp\/v2\/posts\/6395","targetHints":{"allow":["GET"]}}],"collection":[{"href":"https:\/\/comjib.org\/pt-pt\/wp-json\/wp\/v2\/posts"}],"about":[{"href":"https:\/\/comjib.org\/pt-pt\/wp-json\/wp\/v2\/types\/post"}],"author":[{"embeddable":true,"href":"https:\/\/comjib.org\/pt-pt\/wp-json\/wp\/v2\/users\/34416"}],"replies":[{"embeddable":true,"href":"https:\/\/comjib.org\/pt-pt\/wp-json\/wp\/v2\/comments?post=6395"}],"version-history":[{"count":1,"href":"https:\/\/comjib.org\/pt-pt\/wp-json\/wp\/v2\/posts\/6395\/revisions"}],"predecessor-version":[{"id":6396,"href":"https:\/\/comjib.org\/pt-pt\/wp-json\/wp\/v2\/posts\/6395\/revisions\/6396"}],"wp:featuredmedia":[{"embeddable":true,"href":"https:\/\/comjib.org\/pt-pt\/wp-json\/wp\/v2\/media\/5771"}],"wp:attachment":[{"href":"https:\/\/comjib.org\/pt-pt\/wp-json\/wp\/v2\/media?parent=6395"}],"wp:term":[{"taxonomy":"category","embeddable":true,"href":"https:\/\/comjib.org\/pt-pt\/wp-json\/wp\/v2\/categories?post=6395"},{"taxonomy":"post_tag","embeddable":true,"href":"https:\/\/comjib.org\/pt-pt\/wp-json\/wp\/v2\/tags?post=6395"}],"curies":[{"name":"wp","href":"https:\/\/api.w.org\/{rel}","templated":true}]}}