{"id":6392,"date":"2022-12-19T10:13:54","date_gmt":"2022-12-19T09:13:54","guid":{"rendered":"https:\/\/comjib.org\/?p=6392"},"modified":"2024-12-23T10:30:01","modified_gmt":"2024-12-23T09:30:01","slug":"eurojust-e-iberred-unidas-na-plataforma-iber","status":"publish","type":"post","link":"https:\/\/comjib.org\/pt-pt\/eurojust-e-iberred-unidas-na-plataforma-iber\/","title":{"rendered":"Eurojust e IberRed unidas na Plataforma Iber@"},"content":{"rendered":"<p class=\"p1\">A Rede Ibero-Americana de Coopera\u00e7\u00e3o Jur\u00eddica Internacional (IberRed) e a Ag\u00eancia da Uni\u00e3o Europeia para a Coopera\u00e7\u00e3o Judici\u00e1ria Penal (Eurojust) come\u00e7aram a trabalhar juntas no combate ao crime organizado, fortalecendo a coopera\u00e7\u00e3o entre a Am\u00e9rica Latina e a Europa, por meio da Plataforma Iber@.<\/p>\n<p class=\"p1\">Desde outubro deste ano, os promotores e as autoridades policiais que comp\u00f5em a Eurojust, ag\u00eancia que ajuda os pa\u00edses da Uni\u00e3o Europeia a combater o terrorismo e formas graves de crime organizado, poder\u00e3o se comunicar e trocar informa\u00e7\u00f5es por meio deste canal seguro criado pela IberRed com promotores, ju\u00edzes e membros dos Minist\u00e9rios da Justi\u00e7a de mais de 100 institui\u00e7\u00f5es de justi\u00e7a dos 22 pa\u00edses ibero-americanos e da Suprema Corte de Porto Rico, ampliando as fronteiras de atua\u00e7\u00e3o e colabora\u00e7\u00e3o segura.<\/p>\n<p class=\"p1\">O Acordo de Utiliza\u00e7\u00e3o do Sistema de Comunica\u00e7\u00e3o Segura Iber@ foi assinado pelo Secret\u00e1rio-Geral da COMJIB e IberRed, Enrique Gil Botero, e pelo Presidente do Col\u00e9gio da Eurojust, Sr. Ladislav Hamran, em 28 de maio de 2020, por mandato da XXI Assembleia Plen\u00e1ria, para a operacionaliza\u00e7\u00e3o do Memorando de Entendimento assinado em 2009.<\/p>\n<p class=\"p1\">Gra\u00e7as aos esfor\u00e7os de ambas as partes para melhorar a coopera\u00e7\u00e3o jur\u00eddica internacional atrav\u00e9s da operacionaliza\u00e7\u00e3o do memorando de entendimento entre a IberRed e a Eurojust, esta ferramenta criada para a Am\u00e9rica Latina, e que conta com as m\u00e1ximas garantias de seguran\u00e7a, beneficiar\u00e1 agora tamb\u00e9m toda a Uni\u00e3o Europeia e fortalecer\u00e1 os la\u00e7os de coopera\u00e7\u00e3o entre a Am\u00e9rica Latina e a Europa para investiga\u00e7\u00f5es judiciais mais modernas, \u00e1geis e com todas as garantias de seguran\u00e7a, confidencialidade e prote\u00e7\u00e3o de dados pessoais.<\/p>\n","protected":false},"excerpt":{"rendered":"<p>A Rede Ibero-Americana de Coopera\u00e7\u00e3o Jur\u00eddica Internacional (IberRed) e a Ag\u00eancia da Uni\u00e3o Europeia para a Coopera\u00e7\u00e3o Judici\u00e1ria Penal (Eurojust) come\u00e7aram a trabalhar juntas no combate ao crime organizado, fortalecendo a coopera\u00e7\u00e3o entre a Am\u00e9rica Latina e a Europa, por meio da Plataforma Iber@. Desde outubro deste ano, os promotores e as autoridades policiais que [&hellip;]<\/p>\n","protected":false},"author":34416,"featured_media":5767,"comment_status":"closed","ping_status":"closed","sticky":false,"template":"","format":"standard","meta":{"_et_pb_use_builder":"","_et_pb_old_content":"","_et_gb_content_width":"","footnotes":""},"categories":[116],"tags":[117],"class_list":["post-6392","post","type-post","status-publish","format-standard","has-post-thumbnail","hentry","category-noticias-pt-pt-pt","tag-noticias-pt-pt-pt"],"_links":{"self":[{"href":"https:\/\/comjib.org\/pt-pt\/wp-json\/wp\/v2\/posts\/6392","targetHints":{"allow":["GET"]}}],"collection":[{"href":"https:\/\/comjib.org\/pt-pt\/wp-json\/wp\/v2\/posts"}],"about":[{"href":"https:\/\/comjib.org\/pt-pt\/wp-json\/wp\/v2\/types\/post"}],"author":[{"embeddable":true,"href":"https:\/\/comjib.org\/pt-pt\/wp-json\/wp\/v2\/users\/34416"}],"replies":[{"embeddable":true,"href":"https:\/\/comjib.org\/pt-pt\/wp-json\/wp\/v2\/comments?post=6392"}],"version-history":[{"count":1,"href":"https:\/\/comjib.org\/pt-pt\/wp-json\/wp\/v2\/posts\/6392\/revisions"}],"predecessor-version":[{"id":6393,"href":"https:\/\/comjib.org\/pt-pt\/wp-json\/wp\/v2\/posts\/6392\/revisions\/6393"}],"wp:featuredmedia":[{"embeddable":true,"href":"https:\/\/comjib.org\/pt-pt\/wp-json\/wp\/v2\/media\/5767"}],"wp:attachment":[{"href":"https:\/\/comjib.org\/pt-pt\/wp-json\/wp\/v2\/media?parent=6392"}],"wp:term":[{"taxonomy":"category","embeddable":true,"href":"https:\/\/comjib.org\/pt-pt\/wp-json\/wp\/v2\/categories?post=6392"},{"taxonomy":"post_tag","embeddable":true,"href":"https:\/\/comjib.org\/pt-pt\/wp-json\/wp\/v2\/tags?post=6392"}],"curies":[{"name":"wp","href":"https:\/\/api.w.org\/{rel}","templated":true}]}}