{"id":6387,"date":"2022-12-19T10:15:42","date_gmt":"2022-12-19T09:15:42","guid":{"rendered":"https:\/\/comjib.org\/?p=6387"},"modified":"2024-12-23T10:28:35","modified_gmt":"2024-12-23T09:28:35","slug":"comjib-participa-do-fortalecimento-da-cooperacao-em-justica-entre-a-uniao-europeia-e-a-america-latina","status":"publish","type":"post","link":"https:\/\/comjib.org\/pt-pt\/comjib-participa-do-fortalecimento-da-cooperacao-em-justica-entre-a-uniao-europeia-e-a-america-latina\/","title":{"rendered":"COMJIB participa do fortalecimento da coopera\u00e7\u00e3o em Justi\u00e7a entre a Uni\u00e3o Europeia e a Am\u00e9rica Latina"},"content":{"rendered":"<p class=\"p1\">O Ciclo Pol\u00edtico de Justi\u00e7a Compartilhada entre a Uni\u00e3o Europeia e a Am\u00e9rica Latina \u00e9 uma iniciativa promovida pelo EL PAcCTO que visa unir os esfor\u00e7os das institui\u00e7\u00f5es de justi\u00e7a regionais latino-americanas e das principais institui\u00e7\u00f5es de justi\u00e7a da UE. Trata-se de um projeto criado para definir os temas de trabalho priorit\u00e1rios para caminharmos rumo a uma efetiva coopera\u00e7\u00e3o jur\u00eddica, com um objetivo comum: construir sociedades mais justas e pac\u00edficas.<\/p>\n<p class=\"p1\">O encontro realizado em Bruxelas nos dias 1 e 2 de junho de 2022 reuniu representantes de alto n\u00edvel da Am\u00e9rica Latina com institui\u00e7\u00f5es europeias, para conhecer o seu funcionamento e oficializar o ciclo pol\u00edtico da justi\u00e7a compartilhada. A iniciativa visa gerar um sistema de justi\u00e7a reconhec\u00edvel para facilitar a coopera\u00e7\u00e3o judicial entre as duas regi\u00f5es. A COMJIB, junto com a AIAMP e a Cimeira Judicial Ibero-americana, assinou a declara\u00e7\u00e3o que abre esta nova etapa de colabora\u00e7\u00e3o cujo objetivo \u00e9 a defini\u00e7\u00e3o de estrat\u00e9gias comuns no campo da justi\u00e7a penal para traduzi-las em medidas concretas. A base dessas medidas s\u00e3o normas comuns que promovem a efic\u00e1cia da investiga\u00e7\u00e3o e repress\u00e3o das principais formas de crime organizado. Entre as contribui\u00e7\u00f5es da COMJIB est\u00e3o o Acordo de Equipes de Investiga\u00e7\u00e3o Conjunta e o Tratado de Medell\u00edn.<\/p>\n<p class=\"p1\">\u201cO crime organizado \u00e9 uma amea\u00e7a global, especialmente pela sua dimens\u00e3o internacional. Tem efeitos negativos na economia, na seguran\u00e7a p\u00fablica e enfraquece as institui\u00e7\u00f5es\u201d, afirmou a diretora de Alian\u00e7as Internacionais para a Am\u00e9rica Latina e o Caribe da Comiss\u00e3o Europeia, Jolita Butkeviciene.<\/p>\n<p class=\"p1\">Alguns dos objetivos definidos para este primeiro ciclo, 2022-2024, s\u00e3o:<\/p>\n<ul>\n<li class=\"p1\">A promo\u00e7\u00e3o de uma coopera\u00e7\u00e3o jur\u00eddica internacional c\u00e9lere, eficaz e respeitadora dos direitos fundamentais, com especial aten\u00e7\u00e3o \u00e0 elabora\u00e7\u00e3o e transmiss\u00e3o eletr\u00f3nica de pedidos de coopera\u00e7\u00e3o jur\u00eddica, \u00e0 utiliza\u00e7\u00e3o de equipas de investiga\u00e7\u00e3o conjuntas e \u00e0 prote\u00e7\u00e3o de dados.<\/li>\n<li class=\"p1\">A generaliza\u00e7\u00e3o da utiliza\u00e7\u00e3o da prova eletr\u00f3nica no processo penal.<\/li>\n<li class=\"p1\">A prote\u00e7\u00e3o do meio ambiente por meio de uma adequada tipifica\u00e7\u00e3o penal e aprimoramento da pesquisa especializada na mat\u00e9ria.<\/li>\n<li class=\"p1\">O fortalecimento das regulamenta\u00e7\u00f5es nacionais e da colabora\u00e7\u00e3o institucional para a priva\u00e7\u00e3o de lucros ao crime organizado.<\/li>\n<li class=\"p1\">A incorpora\u00e7\u00e3o da perspectiva de g\u00eanero como elemento de an\u00e1lise e desenho das pol\u00edticas de Justi\u00e7a.<\/li>\n<li class=\"p1\">A promo\u00e7\u00e3o da seguran\u00e7a p\u00fablica por meio da luta contra a impunidade, com a colabora\u00e7\u00e3o do CLASI.<\/li>\n<\/ul>\n<p class=\"p1\">\u201cN\u00e3o come\u00e7amos do zero. Como vimos nestes dias, e como podemos verificar no nosso trabalho di\u00e1rio, a Europa e a Am\u00e9rica Latina conhecem-se bem e h\u00e1 muito seguem um caminho comum, partilhando valores e desejos. \u00c9 nossa obriga\u00e7\u00e3o e nosso dever trabalhar juntos e tirar o melhor proveito das nossas institui\u00e7\u00f5es e das nossas sociedades\u201d, afirmou o Secret\u00e1rio-Geral da COMJIB, Enrique Gil Botero.<\/p>\n","protected":false},"excerpt":{"rendered":"<p>O Ciclo Pol\u00edtico de Justi\u00e7a Compartilhada entre a Uni\u00e3o Europeia e a Am\u00e9rica Latina \u00e9 uma iniciativa promovida pelo EL PAcCTO que visa unir os esfor\u00e7os das institui\u00e7\u00f5es de justi\u00e7a regionais latino-americanas e das principais institui\u00e7\u00f5es de justi\u00e7a da UE. Trata-se de um projeto criado para definir os temas de trabalho priorit\u00e1rios para caminharmos rumo [&hellip;]<\/p>\n","protected":false},"author":34416,"featured_media":5768,"comment_status":"closed","ping_status":"closed","sticky":false,"template":"","format":"standard","meta":{"_et_pb_use_builder":"","_et_pb_old_content":"","_et_gb_content_width":"","footnotes":""},"categories":[116],"tags":[117],"class_list":["post-6387","post","type-post","status-publish","format-standard","has-post-thumbnail","hentry","category-noticias-pt-pt-pt","tag-noticias-pt-pt-pt"],"_links":{"self":[{"href":"https:\/\/comjib.org\/pt-pt\/wp-json\/wp\/v2\/posts\/6387","targetHints":{"allow":["GET"]}}],"collection":[{"href":"https:\/\/comjib.org\/pt-pt\/wp-json\/wp\/v2\/posts"}],"about":[{"href":"https:\/\/comjib.org\/pt-pt\/wp-json\/wp\/v2\/types\/post"}],"author":[{"embeddable":true,"href":"https:\/\/comjib.org\/pt-pt\/wp-json\/wp\/v2\/users\/34416"}],"replies":[{"embeddable":true,"href":"https:\/\/comjib.org\/pt-pt\/wp-json\/wp\/v2\/comments?post=6387"}],"version-history":[{"count":3,"href":"https:\/\/comjib.org\/pt-pt\/wp-json\/wp\/v2\/posts\/6387\/revisions"}],"predecessor-version":[{"id":6390,"href":"https:\/\/comjib.org\/pt-pt\/wp-json\/wp\/v2\/posts\/6387\/revisions\/6390"}],"wp:featuredmedia":[{"embeddable":true,"href":"https:\/\/comjib.org\/pt-pt\/wp-json\/wp\/v2\/media\/5768"}],"wp:attachment":[{"href":"https:\/\/comjib.org\/pt-pt\/wp-json\/wp\/v2\/media?parent=6387"}],"wp:term":[{"taxonomy":"category","embeddable":true,"href":"https:\/\/comjib.org\/pt-pt\/wp-json\/wp\/v2\/categories?post=6387"},{"taxonomy":"post_tag","embeddable":true,"href":"https:\/\/comjib.org\/pt-pt\/wp-json\/wp\/v2\/tags?post=6387"}],"curies":[{"name":"wp","href":"https:\/\/api.w.org\/{rel}","templated":true}]}}