{"id":6382,"date":"2023-01-25T14:00:23","date_gmt":"2023-01-25T13:00:23","guid":{"rendered":"https:\/\/comjib.org\/a-comjib-e-a-unidade-de-investigacao-e-acusacao-da-jurisdicao-especial-para-a-paz-da-colombia-assinam-um-memorando-de-entendimento\/"},"modified":"2024-12-23T10:26:00","modified_gmt":"2024-12-23T09:26:00","slug":"a-comjib-e-a-unidade-de-investigacao-e-acusacao-da-jurisdicao-especial-para-a-paz-da-colombia-assinam-um-memorando-de-entendimento","status":"publish","type":"post","link":"https:\/\/comjib.org\/pt-pt\/a-comjib-e-a-unidade-de-investigacao-e-acusacao-da-jurisdicao-especial-para-a-paz-da-colombia-assinam-um-memorando-de-entendimento\/","title":{"rendered":"A COMJIB e a Unidade de Investiga\u00e7\u00e3o e Acusa\u00e7\u00e3o da Jurisdi\u00e7\u00e3o Especial para a Paz da Col\u00f4mbia firmam um memorando de entendimento."},"content":{"rendered":"\r\n\r\n\r\n<p class=\"p1\">No passado dia 12 de dezembro de 2022, na cidade de Bogot\u00e1, teve lugar o encontro entre o Secret\u00e1rio-Geral da COMJIB, Enrique Gil Botero, e o Diretor da Unidade de Investiga\u00e7\u00e3o e Acusa\u00e7\u00e3o da JEP, Giovanni \u00c1lvarez Santoyo, que deu lugar \u00e0 firma de um Memorando de Entendimento entre as duas institui\u00e7\u00f5es.<\/p>\r\n<p class=\"p1\">O mencionado memorando ter\u00e1 como objetivos coordenar os esfor\u00e7os entre a Unidade de Investiga\u00e7\u00e3o e Acusa\u00e7\u00e3o da Jurisdi\u00e7\u00e3o Especial para a Paz na Col\u00f4mbia e a Confer\u00eancia de Ministros de Justi\u00e7a dos Pa\u00edses Ibero-americanos com o fim de estabelecer a\u00e7\u00f5es de coopera\u00e7\u00e3o que fortale\u00e7am as capacidades, mediante cursos de forma\u00e7\u00e3o e gera\u00e7\u00e3o de conhecimento para a coopera\u00e7\u00e3o jur\u00eddica internacional, equidade de g\u00eanero, promo\u00e7\u00e3o de justi\u00e7a restaurativa, atividades de apoio e assist\u00eancia m\u00fatua.<\/p>\r\n<p class=\"p1\">As principais \u00e1reas de coopera\u00e7\u00e3o definidas no memorando s\u00e3o: a coopera\u00e7\u00e3o atrav\u00e9s da moderniza\u00e7\u00e3o e as novas tecnologias que permitam agilizar o processo de preven\u00e7\u00e3o da criminalidade transnacional, fortalecer o protagonismo da regi\u00e3o e os acordos sobre justi\u00e7a, o interc\u00e2mbio de material jur\u00eddico que possa beneficiar \u00e0s institui\u00e7\u00f5es, e a promo\u00e7\u00e3o do acesso \u00e0 justi\u00e7a para cumprir com os direitos de todos em igualdade de condi\u00e7\u00f5es.<\/p>\r\n\r\n\r\n\r\n<p><a href=\"\/wp-content\/uploads\/2023\/01\/MoU-JEP-COMJIB.pdf\" target=\"_blank\" rel=\"noopener noreferrer\">Memorando<img loading=\"lazy\" decoding=\"async\" class=\"alignnone size-full wp-image-1084\" src=\"https:\/\/comjib.org\/wp-content\/uploads\/2016\/12\/pdficon.png\" alt=\"\" width=\"30\" height=\"30\" \/><\/a><\/p>\r\n\r\n\r\n","protected":false},"excerpt":{"rendered":"<p>No passado dia 12 de dezembro de 2022, na cidade de Bogot\u00e1, teve lugar o encontro entre o Secret\u00e1rio-Geral da COMJIB, Enrique Gil Botero, e o Diretor da Unidade de Investiga\u00e7\u00e3o e Acusa\u00e7\u00e3o da JEP, Giovanni \u00c1lvarez Santoyo, que deu lugar \u00e0 firma de um Memorando de Entendimento entre as duas institui\u00e7\u00f5es. O mencionado memorando [&hellip;]<\/p>\n","protected":false},"author":3,"featured_media":5773,"comment_status":"closed","ping_status":"closed","sticky":false,"template":"","format":"standard","meta":{"_et_pb_use_builder":"","_et_pb_old_content":"","_et_gb_content_width":"","footnotes":""},"categories":[116],"tags":[117],"class_list":["post-6382","post","type-post","status-publish","format-standard","has-post-thumbnail","hentry","category-noticias-pt-pt-pt","tag-noticias-pt-pt-pt"],"_links":{"self":[{"href":"https:\/\/comjib.org\/pt-pt\/wp-json\/wp\/v2\/posts\/6382","targetHints":{"allow":["GET"]}}],"collection":[{"href":"https:\/\/comjib.org\/pt-pt\/wp-json\/wp\/v2\/posts"}],"about":[{"href":"https:\/\/comjib.org\/pt-pt\/wp-json\/wp\/v2\/types\/post"}],"author":[{"embeddable":true,"href":"https:\/\/comjib.org\/pt-pt\/wp-json\/wp\/v2\/users\/3"}],"replies":[{"embeddable":true,"href":"https:\/\/comjib.org\/pt-pt\/wp-json\/wp\/v2\/comments?post=6382"}],"version-history":[{"count":3,"href":"https:\/\/comjib.org\/pt-pt\/wp-json\/wp\/v2\/posts\/6382\/revisions"}],"predecessor-version":[{"id":6385,"href":"https:\/\/comjib.org\/pt-pt\/wp-json\/wp\/v2\/posts\/6382\/revisions\/6385"}],"wp:featuredmedia":[{"embeddable":true,"href":"https:\/\/comjib.org\/pt-pt\/wp-json\/wp\/v2\/media\/5773"}],"wp:attachment":[{"href":"https:\/\/comjib.org\/pt-pt\/wp-json\/wp\/v2\/media?parent=6382"}],"wp:term":[{"taxonomy":"category","embeddable":true,"href":"https:\/\/comjib.org\/pt-pt\/wp-json\/wp\/v2\/categories?post=6382"},{"taxonomy":"post_tag","embeddable":true,"href":"https:\/\/comjib.org\/pt-pt\/wp-json\/wp\/v2\/tags?post=6382"}],"curies":[{"name":"wp","href":"https:\/\/api.w.org\/{rel}","templated":true}]}}