{"id":6370,"date":"2023-02-10T21:28:17","date_gmt":"2023-02-10T20:28:17","guid":{"rendered":"https:\/\/comjib.org\/?p=6370"},"modified":"2024-12-20T18:40:50","modified_gmt":"2024-12-20T17:40:50","slug":"paraguai-o-quinto-pais-a-ratificar-o-tratado-de-medellin","status":"publish","type":"post","link":"https:\/\/comjib.org\/pt-pt\/paraguai-o-quinto-pais-a-ratificar-o-tratado-de-medellin\/","title":{"rendered":"Paraguai \u2013 o quinto pa\u00eds a ratificar o Tratado de Medell\u00edn"},"content":{"rendered":"\r\n\r\n\r\n<p>Em 2 de fevereiro de 2023, a Rep\u00fablica do Paraguai, representada pelo Exmo. Embaixador D. Ricardo Scavone Yegros, depositou na sede da COMJIB o instrumento de ratifica\u00e7\u00e3o do <em>Tratado Relativo \u00e0 Transmiss\u00e3o Eletr\u00f3nica de Pedidos de Coopera\u00e7\u00e3o Jur\u00eddica e Judici\u00e1ria Internacional entre Autoridades Centrais<\/em>, conhecido como \u201cTratado de Medell\u00edn\u201d.<\/p>\r\n\r\n\r\n\r\n<p>Este instrumento internacional permite modernizar e agilizar a coopera\u00e7\u00e3o jur\u00eddica internacional atrav\u00e9s da plataforma Iber@, um sistema inform\u00e1tico que tem as garantias de m\u00e1xima seguran\u00e7a e confidencialidade para a transmiss\u00e3o eletr\u00f3nica de pedidos de coopera\u00e7\u00e3o jur\u00eddica internacional entre autoridades centrais, com validade jur\u00eddica e sem necessidade de envios f\u00edsicos posteriores.<\/p>\r\n\r\n\r\n\r\n<p>Com este dep\u00f3sito do instrumento de ratifica\u00e7\u00e3o, j\u00e1 s\u00e3o cinco Estados Partes: Andorra, Cuba, Espanha, Paraguai e Uruguai. O acordo est\u00e1 em vigor desde 9 de maio de 2022 e entrar\u00e1 em vigor para a Rep\u00fablica do Paraguai em 3 de abril de 2023, ap\u00f3s sessenta dias corridos a partir da data de dep\u00f3sito do instrumento de ratifica\u00e7\u00e3o.<\/p>\r\n\r\n\r\n\r\n<p>Este Tratado tamb\u00e9m conta com a assinatura de outros sete pa\u00edses: Argentina, Bol\u00edvia, Brasil, Chile, Col\u00f4mbia, Equador e Portugal. A Col\u00f4mbia j\u00e1 o ratificou no seu Parlamento e os demais Estados est\u00e3o avan\u00e7ando nos respectivos tr\u00e2mites de ratifica\u00e7\u00e3o.<\/p>\r\n\r\n\r\n\r\n<p>O Tratado est\u00e1 aberto \u00e0 ades\u00e3o de qualquer pa\u00eds do mundo e a Secretaria Geral da COMJIB e IberRed est\u00e1 assessorando diversos pa\u00edses que est\u00e3o avaliando a sua ades\u00e3o a esta valiosa ferramenta de coopera\u00e7\u00e3o jur\u00eddica internacional. Um avan\u00e7o da Am\u00e9rica Latina para o mundo.<\/p>","protected":false},"excerpt":{"rendered":"<p>Em 2 de fevereiro de 2023, a Rep\u00fablica do Paraguai, representada pelo Exmo. Embaixador D. Ricardo Scavone Yegros, depositou na sede da COMJIB o instrumento de ratifica\u00e7\u00e3o do Tratado Relativo \u00e0 Transmiss\u00e3o Eletr\u00f3nica de Pedidos de Coopera\u00e7\u00e3o Jur\u00eddica e Judici\u00e1ria Internacional entre Autoridades Centrais, conhecido como \u201cTratado de Medell\u00edn\u201d. Este instrumento internacional permite modernizar e [&hellip;]<\/p>\n","protected":false},"author":34415,"featured_media":5774,"comment_status":"closed","ping_status":"closed","sticky":false,"template":"","format":"standard","meta":{"_et_pb_use_builder":"","_et_pb_old_content":"","_et_gb_content_width":"","footnotes":""},"categories":[116],"tags":[117],"class_list":["post-6370","post","type-post","status-publish","format-standard","has-post-thumbnail","hentry","category-noticias-pt-pt-pt","tag-noticias-pt-pt-pt"],"_links":{"self":[{"href":"https:\/\/comjib.org\/pt-pt\/wp-json\/wp\/v2\/posts\/6370","targetHints":{"allow":["GET"]}}],"collection":[{"href":"https:\/\/comjib.org\/pt-pt\/wp-json\/wp\/v2\/posts"}],"about":[{"href":"https:\/\/comjib.org\/pt-pt\/wp-json\/wp\/v2\/types\/post"}],"author":[{"embeddable":true,"href":"https:\/\/comjib.org\/pt-pt\/wp-json\/wp\/v2\/users\/34415"}],"replies":[{"embeddable":true,"href":"https:\/\/comjib.org\/pt-pt\/wp-json\/wp\/v2\/comments?post=6370"}],"version-history":[{"count":2,"href":"https:\/\/comjib.org\/pt-pt\/wp-json\/wp\/v2\/posts\/6370\/revisions"}],"predecessor-version":[{"id":6372,"href":"https:\/\/comjib.org\/pt-pt\/wp-json\/wp\/v2\/posts\/6370\/revisions\/6372"}],"wp:featuredmedia":[{"embeddable":true,"href":"https:\/\/comjib.org\/pt-pt\/wp-json\/wp\/v2\/media\/5774"}],"wp:attachment":[{"href":"https:\/\/comjib.org\/pt-pt\/wp-json\/wp\/v2\/media?parent=6370"}],"wp:term":[{"taxonomy":"category","embeddable":true,"href":"https:\/\/comjib.org\/pt-pt\/wp-json\/wp\/v2\/categories?post=6370"},{"taxonomy":"post_tag","embeddable":true,"href":"https:\/\/comjib.org\/pt-pt\/wp-json\/wp\/v2\/tags?post=6370"}],"curies":[{"name":"wp","href":"https:\/\/api.w.org\/{rel}","templated":true}]}}