{"id":6366,"date":"2023-03-08T12:09:42","date_gmt":"2023-03-08T11:09:42","guid":{"rendered":"https:\/\/comjib.org\/?p=6366"},"modified":"2024-12-20T18:39:30","modified_gmt":"2024-12-20T17:39:30","slug":"comjib-celebra-o-dia-internacional-da-mulher","status":"publish","type":"post","link":"https:\/\/comjib.org\/pt-pt\/comjib-celebra-o-dia-internacional-da-mulher\/","title":{"rendered":"COMJIB celebra o Dia Internacional da Mulher"},"content":{"rendered":"<p>Hoje comemoramos o Dia Internacional da Mulher. A Comiss\u00e3o das Na\u00e7\u00f5es Unidas sobre a Condi\u00e7\u00e3o Jur\u00eddica e Social da Mulher elegeu para este dia 8 de mar\u00e7o o mote \u201cPor um mundo digital inclusivo: inova\u00e7\u00e3o e tecnologia para a igualdade de g\u00eanero\u201d. A COMJIB, juntamente com os demais Organismos Ibero-americanos (Organiza\u00e7\u00e3o dos Estados Ibero-americanos para Educa\u00e7\u00e3o, Ci\u00eancia e Cultura, OEI; Organismo Internacional da Juventude para a Ibero-Am\u00e9rica; OIJ; Organiza\u00e7\u00e3o Ibero-Americana da Seguran\u00e7a Social, OISS, e a Secretaria-Geral Ibero-Americana, SEGIB), est\u00e1 empenhada em promover e apoiar a Comunidade Iberoamericana a integrar as quest\u00f5es de g\u00eanero nas pol\u00edticas de inova\u00e7\u00e3o, eliminar os obst\u00e1culos ao avan\u00e7o de mulheres e meninas nos campos da ci\u00eancia, tecnologia, engenharia e matem\u00e1tica, promover a inova\u00e7\u00e3o e empreendedorismo entre as mulheres e investir diretamente em solu\u00e7\u00f5es inovadoras de base tecnol\u00f3gica que respondam \u00e0s necessidades de todas as mulheres ibero-americanas. Encorajamos a leitura do <a href=\"\/wp-content\/uploads\/2023\/03\/Declara\u00e7\u00e3o-Conjunta-de-Organismos-Ibero-Americanos-08.02.2023.pdf\" target=\"_blank\" rel=\"noreferrer noopener\">Declara\u00e7\u00e3o Conjunta dos Organismos Ibero-Americanos<\/a><a href=\"\/wp-content\/uploads\/2023\/03\/Declaracao-Conjunta-de-Organismos-Ibero-Americanos-08-02-2023.pdf\" target=\"_blank\" rel=\"noreferrer noopener\">.<\/a><\/p>\n<p>Ao mesmo tempo, lembramos que a COMJIB, por meio da linha de trabalho Equidade de G\u00eanero, produziu duas importantes publica\u00e7\u00f5es sobre o tema viol\u00eancia de g\u00eanero, que est\u00e3o dispon\u00edveis para download gratuito no nosso site:<\/p>\n<p><a href=\"https:\/\/drive.google.com\/drive\/folders\/1TH8GSQbcXRS_JURDMYT0Q3aH3QO9Um-3?usp=sharing\" target=\"_blank\" rel=\"noreferrer noopener\">Boas pr\u00e1ticas de aten\u00e7\u00e3o, prote\u00e7\u00e3o e acesso \u00e0 justi\u00e7a para mulheres v\u00edtimas de viol\u00eancia de g\u00eanero no contexto familiar na Ibero-Am\u00e9rica implementadas durante a COVID-19.<\/a><\/p>\n<p><a href=\"https:\/\/drive.google.com\/drive\/folders\/1Oow55vh-Dig4B4_P_0iBdB8QH5iJqMZ_?usp=sharing\" target=\"_blank\" rel=\"noreferrer noopener\">Curso de capacita\u00e7\u00e3o para preven\u00e7\u00e3o e atendimento a v\u00edtimas de viol\u00eancia de g\u00eanero, voltado para operadores de justi\u00e7a.<\/a><\/p>\n<p>No ano passado, em 29 de julho de 2022, foi celebrado pela primeira vez o Dia da Mulher Jurista Ibero-Americana, promovido pela COMJIB com o apoio da SEGIB. <a href=\"https:\/\/www.youtube.com\/watch?v=DsiF1dN0Qaw&amp;t=46s\" target=\"_blank\" rel=\"noreferrer noopener\">Confira aqui nosso quiz sobre mulheres advogadas na Am\u00e9rica Latina.<\/a><\/p>\n<p>Finalmente, convidamos voc\u00ea a ouvir as <a href=\"https:\/\/www.youtube.com\/channel\/UCThUpsAQhAk2m2L9ET0BZUQ\" target=\"_blank\" rel=\"noreferrer noopener\">palavras do Secret\u00e1rio Geral da COMJIB, Enrique Gil Botero, para o Dia Internacional da Mulher.<\/a><\/p>\n","protected":false},"excerpt":{"rendered":"<p>Hoje comemoramos o Dia Internacional da Mulher. A Comiss\u00e3o das Na\u00e7\u00f5es Unidas sobre a Condi\u00e7\u00e3o Jur\u00eddica e Social da Mulher elegeu para este dia 8 de mar\u00e7o o mote \u201cPor um mundo digital inclusivo: inova\u00e7\u00e3o e tecnologia para a igualdade de g\u00eanero\u201d. A COMJIB, juntamente com os demais Organismos Ibero-americanos (Organiza\u00e7\u00e3o dos Estados Ibero-americanos para [&hellip;]<\/p>\n","protected":false},"author":34415,"featured_media":5776,"comment_status":"closed","ping_status":"closed","sticky":false,"template":"","format":"standard","meta":{"_et_pb_use_builder":"","_et_pb_old_content":"","_et_gb_content_width":"","footnotes":""},"categories":[116],"tags":[117],"class_list":["post-6366","post","type-post","status-publish","format-standard","has-post-thumbnail","hentry","category-noticias-pt-pt-pt","tag-noticias-pt-pt-pt"],"_links":{"self":[{"href":"https:\/\/comjib.org\/pt-pt\/wp-json\/wp\/v2\/posts\/6366","targetHints":{"allow":["GET"]}}],"collection":[{"href":"https:\/\/comjib.org\/pt-pt\/wp-json\/wp\/v2\/posts"}],"about":[{"href":"https:\/\/comjib.org\/pt-pt\/wp-json\/wp\/v2\/types\/post"}],"author":[{"embeddable":true,"href":"https:\/\/comjib.org\/pt-pt\/wp-json\/wp\/v2\/users\/34415"}],"replies":[{"embeddable":true,"href":"https:\/\/comjib.org\/pt-pt\/wp-json\/wp\/v2\/comments?post=6366"}],"version-history":[{"count":1,"href":"https:\/\/comjib.org\/pt-pt\/wp-json\/wp\/v2\/posts\/6366\/revisions"}],"predecessor-version":[{"id":6367,"href":"https:\/\/comjib.org\/pt-pt\/wp-json\/wp\/v2\/posts\/6366\/revisions\/6367"}],"wp:featuredmedia":[{"embeddable":true,"href":"https:\/\/comjib.org\/pt-pt\/wp-json\/wp\/v2\/media\/5776"}],"wp:attachment":[{"href":"https:\/\/comjib.org\/pt-pt\/wp-json\/wp\/v2\/media?parent=6366"}],"wp:term":[{"taxonomy":"category","embeddable":true,"href":"https:\/\/comjib.org\/pt-pt\/wp-json\/wp\/v2\/categories?post=6366"},{"taxonomy":"post_tag","embeddable":true,"href":"https:\/\/comjib.org\/pt-pt\/wp-json\/wp\/v2\/tags?post=6366"}],"curies":[{"name":"wp","href":"https:\/\/api.w.org\/{rel}","templated":true}]}}