{"id":6350,"date":"2023-04-21T20:09:00","date_gmt":"2023-04-21T18:09:00","guid":{"rendered":"https:\/\/comjib.org\/?p=6350"},"modified":"2024-12-20T18:32:08","modified_gmt":"2024-12-20T17:32:08","slug":"avancam-os-trabalhos-do-acordo-ibero-americano-de-acesso-a-justica","status":"publish","type":"post","link":"https:\/\/comjib.org\/pt-pt\/avancam-os-trabalhos-do-acordo-ibero-americano-de-acesso-a-justica\/","title":{"rendered":"Avan\u00e7am os trabalhos do Acordo Ibero-Americano de Acesso \u00e0 Justi\u00e7a"},"content":{"rendered":"\r\n\r\n\r\n<p>No dia 13 de abril, foi realizado o encontro &#8220;Rumo a um Acordo Ibero-Americano de Acesso \u00e0 Justi\u00e7a&#8221;, organizado pela COMJIB e pelo Programa Ibero-Americano de Acesso \u00e0 Justi\u00e7a (PIAJ), em colabora\u00e7\u00e3o com a Rede de Empoderamento Legal &#8211; Namati, que coordena as contribui\u00e7\u00f5es da sociedade civil para o acordo, e com a participa\u00e7\u00e3o da Associa\u00e7\u00e3o Civil para a Igualdade e Justi\u00e7a e a Alian\u00e7a Ibero-Americana para o Acesso \u00e0 Justi\u00e7a.<\/p>\r\n\r\n\r\n\r\n<p>O Secret\u00e1rio Geral da COMJIB, Enrique Gil Botero, deu in\u00edcio a esta reuni\u00e3o virtual, que contou com a participa\u00e7\u00e3o de peritos de diferentes \u00e1reas de direitos humanos, igualdade e justi\u00e7a, entre outras, e na qual foram apresentadas propostas para incorporar no processo de elabora\u00e7\u00e3o do acordo, que est\u00e1 sendo desenvolvido no \u00e2mbito da COMJIB, para reduzir as barreiras existentes e reconhecer direitos em mat\u00e9ria de acesso \u00e0 justi\u00e7a nos pa\u00edses ibero-americanos.<\/p>\r\n\r\n\r\n\r\n<p>Ariel de la Maza, secret\u00e1rio-geral adjunto da COMJIB e chefe de coopera\u00e7\u00e3o e Assuntos Internacionais do Minist\u00e9rio da Justi\u00e7a e Direitos Humanos do Chile, institui\u00e7\u00e3o que atualmente est\u00e1 a cargo da presid\u00eancia do PIAJ, indicou que o objetivo dos organizadores \u00e9 que o processo de cria\u00e7\u00e3o deste tratado seja aberto, participativo e inclua as opini\u00f5es das organiza\u00e7\u00f5es com as quais trabalham nessas quest\u00f5es.<\/p>\r\n\r\n\r\n\r\n<p>A participa\u00e7\u00e3o da sociedade civil \u00e9 de grande import\u00e2ncia porque desta forma s\u00e3o conhecidas as necessidades espec\u00edficas dos diferentes grupos vulner\u00e1veis. Luciana Bercovich, coordenadora para a Am\u00e9rica Latina da Legal Empowerment Network, destacou que este workshop \u00e9 apenas o come\u00e7o de um longo processo, com v\u00e1rios espa\u00e7os de discuss\u00e3o planejados no futuro.<\/p>\r\n\r\n\r\n\r\n<p>Renzo Lavin, da Associa\u00e7\u00e3o Civil pela Igualdade e Justi\u00e7a, apresentou os resultados do levantamento sobre o acordo com contribui\u00e7\u00f5es de 52 atores, organiza\u00e7\u00f5es e indiv\u00edduos da sociedade civil dos seguintes pa\u00edses: Argentina, M\u00e9xico, Col\u00f4mbia, Guatemala, Venezuela, Bol\u00edvia, Chile, Costa Rica, Equador, Brasil, El Salvador, Espanha, Honduras e Panam\u00e1. Mais de metade dos participantes considerou que um dos maiores obst\u00e1culos est\u00e1 relacionado com a forma\u00e7\u00e3o, informa\u00e7\u00e3o e conhecimento sobre direitos. Do total de 52 participantes, 16 concordaram que a quest\u00e3o do conflito relacionado \u00e0 viol\u00eancia dom\u00e9stica\/de g\u00eanero \u00e9 de vital import\u00e2ncia.<\/p>\r\n\r\n\r\n\r\n<p>Ap\u00f3s a apresenta\u00e7\u00e3o das contribui\u00e7\u00f5es da sociedade civil, Mar\u00eda Luisa Dom\u00ednguez Su\u00e1rez e Joaqu\u00edn Delgado, especialistas em acesso \u00e0 justi\u00e7a que est\u00e3o trabalhando no processo de elabora\u00e7\u00e3o do acordo desenhado pela COMJIB, levando as contribui\u00e7\u00f5es da sociedade civil, referiram-se \u00e0 sua incorpora\u00e7\u00e3o e o andamento do texto.<\/p>\r\n\r\n\r\n\r\n<p>Esse Acordo Ibero-americano de Acesso \u00e0 Justi\u00e7a, como aponta Karina Gerlach da Pathfinders for Justice, \u00e9 \u00fanico no mundo e come\u00e7a a despertar interesse em outras regi\u00f5es. Em suma, melhorar o acesso \u00e0 justi\u00e7a \u00e9 uma necessidade compartilhada e uma quest\u00e3o central para a regi\u00e3o.<\/p>\r\n\r\n\r\n\r\n<p>Para encerrar o encontro, Sebasti\u00e1n Pilo, Codiretor da Associa\u00e7\u00e3o Civil para a Igualdade e Justi\u00e7a, abriu uma rodada de perguntas dos participantes do workshop.<\/p>\r\n\r\n\r\n\r\n<p>Grava\u00e7\u00e3o do workshop<\/p>\r\n\r\n\r\n\r\n<figure class=\"wp-block-embed-youtube wp-block-embed is-type-video is-provider-youtube wp-embed-aspect-4-3 wp-has-aspect-ratio\">\r\n<div class=\"wp-block-embed__wrapper\"><a href=\"https:\/\/www.youtube.com\/watch?v=LjAwB9Z6m3U&amp;t=3s\">https:\/\/www.youtube.com\/watch?v=LjAwB9Z6m3U&amp;t=3s<\/a><\/div>\r\n<\/figure>\r\n","protected":false},"excerpt":{"rendered":"<p>No dia 13 de abril, foi realizado o encontro &#8220;Rumo a um Acordo Ibero-Americano de Acesso \u00e0 Justi\u00e7a&#8221;, organizado pela COMJIB e pelo Programa Ibero-Americano de Acesso \u00e0 Justi\u00e7a (PIAJ), em colabora\u00e7\u00e3o com a Rede de Empoderamento Legal &#8211; Namati, que coordena as contribui\u00e7\u00f5es da sociedade civil para o acordo, e com a participa\u00e7\u00e3o da [&hellip;]<\/p>\n","protected":false},"author":34415,"featured_media":5787,"comment_status":"closed","ping_status":"closed","sticky":false,"template":"","format":"standard","meta":{"_et_pb_use_builder":"","_et_pb_old_content":"","_et_gb_content_width":"","footnotes":""},"categories":[116],"tags":[117],"class_list":["post-6350","post","type-post","status-publish","format-standard","has-post-thumbnail","hentry","category-noticias-pt-pt-pt","tag-noticias-pt-pt-pt"],"_links":{"self":[{"href":"https:\/\/comjib.org\/pt-pt\/wp-json\/wp\/v2\/posts\/6350","targetHints":{"allow":["GET"]}}],"collection":[{"href":"https:\/\/comjib.org\/pt-pt\/wp-json\/wp\/v2\/posts"}],"about":[{"href":"https:\/\/comjib.org\/pt-pt\/wp-json\/wp\/v2\/types\/post"}],"author":[{"embeddable":true,"href":"https:\/\/comjib.org\/pt-pt\/wp-json\/wp\/v2\/users\/34415"}],"replies":[{"embeddable":true,"href":"https:\/\/comjib.org\/pt-pt\/wp-json\/wp\/v2\/comments?post=6350"}],"version-history":[{"count":4,"href":"https:\/\/comjib.org\/pt-pt\/wp-json\/wp\/v2\/posts\/6350\/revisions"}],"predecessor-version":[{"id":6354,"href":"https:\/\/comjib.org\/pt-pt\/wp-json\/wp\/v2\/posts\/6350\/revisions\/6354"}],"wp:featuredmedia":[{"embeddable":true,"href":"https:\/\/comjib.org\/pt-pt\/wp-json\/wp\/v2\/media\/5787"}],"wp:attachment":[{"href":"https:\/\/comjib.org\/pt-pt\/wp-json\/wp\/v2\/media?parent=6350"}],"wp:term":[{"taxonomy":"category","embeddable":true,"href":"https:\/\/comjib.org\/pt-pt\/wp-json\/wp\/v2\/categories?post=6350"},{"taxonomy":"post_tag","embeddable":true,"href":"https:\/\/comjib.org\/pt-pt\/wp-json\/wp\/v2\/tags?post=6350"}],"curies":[{"name":"wp","href":"https:\/\/api.w.org\/{rel}","templated":true}]}}