{"id":6337,"date":"2023-06-05T21:15:00","date_gmt":"2023-06-05T19:15:00","guid":{"rendered":"https:\/\/comjib.org\/?p=6337"},"modified":"2024-12-20T18:24:09","modified_gmt":"2024-12-20T17:24:09","slug":"meio-ambiente-saudavel-e-um-direito-humano","status":"publish","type":"post","link":"https:\/\/comjib.org\/pt-pt\/meio-ambiente-saudavel-e-um-direito-humano\/","title":{"rendered":"Meio ambiente saud\u00e1vel \u00e9 um direito humano"},"content":{"rendered":"<p>O Dia Mundial do Meio Ambiente \u00e9 um evento anual que se celebra no dia 5 de junho desde 1972 para criar consci\u00eancia sobre os problemas ambientais e promover pr\u00e1ticas sustent\u00e1veis. No dia 28 de julho do ano passado, as Na\u00e7\u00f5es Unidas declararam que todas as pessoas do mundo t\u00eam direito a um meio ambiente limpo, saud\u00e1vel e sustent\u00e1vel, convertendo-o em mais um dos Direitos Humanos.<\/p>\n<p>O c\u00e2mbio clim\u00e1tico e a degrada\u00e7\u00e3o ambiental, al\u00e9m de influenciar no futuro da humanidade, tem repercuss\u00f5es diretas em v\u00e1rios dos direitos das pessoas que residem nos territ\u00f3rios mais afetados, e se converte em um tema n\u00e3o s\u00f3 do futuro sen\u00e3o no presente.<\/p>\n<p>O mencionado, como bem indica o Relator Especial da ONU sobre os direitos humanos e o meio ambiente \u201cUm entorno seguro, limpo, saud\u00e1vel e sustent\u00e1vel \u00e9 indispens\u00e1vel para o pleno aproveitamento de uma ampla gama de direitos humanos, entre outros, o direito \u00e0 vida, \u00e0 sa\u00fade, \u00e0 alimenta\u00e7\u00e3o, a \u00e1gua e os saneamentos.\u201d<\/p>\n<p>Em 2020 foram assassinados 227 defensores ambientais, e em 2021 foram 200, segundo a organiza\u00e7\u00e3o Global Witness. Uma grande parte das v\u00edtimas eram representantes dos povos ind\u00edgenas que lutam contra o desmatamento, a minera\u00e7\u00e3o e a explora\u00e7\u00e3o petrol\u00edfera nos seus territ\u00f3rios, que frequentemente s\u00e3o ao mesmo tempo zonas protegidas pela lei.<\/p>\n<p>O tema do Dia Mundial do Meio Ambiente 2023 \u00e9 \u201cRestaurar nossa Terra\u201d que enfatiza a necessidade urgente de proteger e restaurar o meio ambiente, inclu\u00eddos os recursos naturais, os ecossistemas e a biodiversidade.<\/p>\n<p>Hoje na COMJIB reivindicamos O Dia Mundial do Meio Ambiente dado que serve como recordat\u00f3rio da urgente necessidade de tomar medidas e promover a consci\u00eancia ambiental, fazendo mudan\u00e7as positivas para proteger nosso planeta em benef\u00edcio da popula\u00e7\u00e3o atual e das gera\u00e7\u00f5es futuras.<\/p>\n","protected":false},"excerpt":{"rendered":"<p>O Dia Mundial do Meio Ambiente \u00e9 um evento anual que se celebra no dia 5 de junho desde 1972 para criar consci\u00eancia sobre os problemas ambientais e promover pr\u00e1ticas sustent\u00e1veis. No dia 28 de julho do ano passado, as Na\u00e7\u00f5es Unidas declararam que todas as pessoas do mundo t\u00eam direito a um meio ambiente [&hellip;]<\/p>\n","protected":false},"author":34415,"featured_media":5790,"comment_status":"closed","ping_status":"closed","sticky":false,"template":"","format":"standard","meta":{"_et_pb_use_builder":"","_et_pb_old_content":"","_et_gb_content_width":"","footnotes":""},"categories":[116],"tags":[117],"class_list":["post-6337","post","type-post","status-publish","format-standard","has-post-thumbnail","hentry","category-noticias-pt-pt-pt","tag-noticias-pt-pt-pt"],"_links":{"self":[{"href":"https:\/\/comjib.org\/pt-pt\/wp-json\/wp\/v2\/posts\/6337","targetHints":{"allow":["GET"]}}],"collection":[{"href":"https:\/\/comjib.org\/pt-pt\/wp-json\/wp\/v2\/posts"}],"about":[{"href":"https:\/\/comjib.org\/pt-pt\/wp-json\/wp\/v2\/types\/post"}],"author":[{"embeddable":true,"href":"https:\/\/comjib.org\/pt-pt\/wp-json\/wp\/v2\/users\/34415"}],"replies":[{"embeddable":true,"href":"https:\/\/comjib.org\/pt-pt\/wp-json\/wp\/v2\/comments?post=6337"}],"version-history":[{"count":2,"href":"https:\/\/comjib.org\/pt-pt\/wp-json\/wp\/v2\/posts\/6337\/revisions"}],"predecessor-version":[{"id":6339,"href":"https:\/\/comjib.org\/pt-pt\/wp-json\/wp\/v2\/posts\/6337\/revisions\/6339"}],"wp:featuredmedia":[{"embeddable":true,"href":"https:\/\/comjib.org\/pt-pt\/wp-json\/wp\/v2\/media\/5790"}],"wp:attachment":[{"href":"https:\/\/comjib.org\/pt-pt\/wp-json\/wp\/v2\/media?parent=6337"}],"wp:term":[{"taxonomy":"category","embeddable":true,"href":"https:\/\/comjib.org\/pt-pt\/wp-json\/wp\/v2\/categories?post=6337"},{"taxonomy":"post_tag","embeddable":true,"href":"https:\/\/comjib.org\/pt-pt\/wp-json\/wp\/v2\/tags?post=6337"}],"curies":[{"name":"wp","href":"https:\/\/api.w.org\/{rel}","templated":true}]}}