{"id":6334,"date":"2023-06-20T17:10:03","date_gmt":"2023-06-20T15:10:03","guid":{"rendered":"https:\/\/comjib.org\/?p=6334"},"modified":"2024-12-20T18:22:29","modified_gmt":"2024-12-20T17:22:29","slug":"tratado-de-medellin-um-avanco-da-ibero-america-para-o-mundo","status":"publish","type":"post","link":"https:\/\/comjib.org\/pt-pt\/tratado-de-medellin-um-avanco-da-ibero-america-para-o-mundo\/","title":{"rendered":"Tratado de Medellin: um avan\u00e7o da Ibero-am\u00e9rica para o mundo"},"content":{"rendered":"<p>Em 12 de junho de 2023, a Rep\u00fablica de Cazaquist\u00e3o, atrav\u00e9s da sua Embaixada em Madrid, comunicou formalmente \u00e0 COMJIB a sua inten\u00e7\u00e3o de aderir-se ao <em>Tratado relativo \u00e0 Transmiss\u00e3o Eletr\u00f3nica de Pedidos de Coopera\u00e7\u00e3o Jur\u00eddica e Judici\u00e1ria Internacional entre Autoridades Centrais<\/em>, conhecido como \u201cTratado de Medellin\u201d.<\/p>\n<p>Este instrumento internacional permite modernizar e agilizar a coopera\u00e7\u00e3o jur\u00eddica internacional atrav\u00e9s da plataforma Iber@, um sistema inform\u00e1tico que tem as garantias de m\u00e1xima seguran\u00e7a e confidencialidade para a transmiss\u00e3o eletr\u00f3nica de solicita\u00e7\u00f5es de coopera\u00e7\u00e3o jur\u00eddica internacional entre autoridades centrais, com validez legal e sem a necessidade de envios f\u00edsicos posteriores.<\/p>\n<p>Com sua entrada em vigor, no dia 9 de maio de 2022, o Tratado ficou aberto \u00e0 ades\u00e3o de qualquer pa\u00eds do mundo, dessa forma Cazaquist\u00e3o se tornaria o primeiro Estado parte deste tratado fora da Ibero-am\u00e9rica, abrindo caminho a todos os demais pa\u00edses.<\/p>\n<p>Em este momento s\u00e3o parte do Tratado de Medellin cinco pa\u00edses: Andorra, Cuba Espanha, Paraguai e Uruguai. O acordo tamb\u00e9m foi assinado por Argentina, Bol\u00edvia, Brasil, Chile, Col\u00f4mbia, Equador e Portugal. Col\u00f4mbia j\u00e1 o ratificou no seu Congresso e os demais pa\u00edses est\u00e3o avan\u00e7ando com tramites correspondentes para a ratifica\u00e7\u00e3o.<\/p>\n<p>A Secretaria Geral da COMJIB e IberRed est\u00e3o assessorando a v\u00e1rios pa\u00edses que avaliam a sua uni\u00e3o a esta valiosa ferramenta de coopera\u00e7\u00e3o jur\u00eddica internacional.<\/p>\n","protected":false},"excerpt":{"rendered":"<p>Em 12 de junho de 2023, a Rep\u00fablica de Cazaquist\u00e3o, atrav\u00e9s da sua Embaixada em Madrid, comunicou formalmente \u00e0 COMJIB a sua inten\u00e7\u00e3o de aderir-se ao Tratado relativo \u00e0 Transmiss\u00e3o Eletr\u00f3nica de Pedidos de Coopera\u00e7\u00e3o Jur\u00eddica e Judici\u00e1ria Internacional entre Autoridades Centrais, conhecido como \u201cTratado de Medellin\u201d. Este instrumento internacional permite modernizar e agilizar a [&hellip;]<\/p>\n","protected":false},"author":34415,"featured_media":5795,"comment_status":"closed","ping_status":"closed","sticky":false,"template":"","format":"standard","meta":{"_et_pb_use_builder":"","_et_pb_old_content":"","_et_gb_content_width":"","footnotes":""},"categories":[116],"tags":[117],"class_list":["post-6334","post","type-post","status-publish","format-standard","has-post-thumbnail","hentry","category-noticias-pt-pt-pt","tag-noticias-pt-pt-pt"],"_links":{"self":[{"href":"https:\/\/comjib.org\/pt-pt\/wp-json\/wp\/v2\/posts\/6334","targetHints":{"allow":["GET"]}}],"collection":[{"href":"https:\/\/comjib.org\/pt-pt\/wp-json\/wp\/v2\/posts"}],"about":[{"href":"https:\/\/comjib.org\/pt-pt\/wp-json\/wp\/v2\/types\/post"}],"author":[{"embeddable":true,"href":"https:\/\/comjib.org\/pt-pt\/wp-json\/wp\/v2\/users\/34415"}],"replies":[{"embeddable":true,"href":"https:\/\/comjib.org\/pt-pt\/wp-json\/wp\/v2\/comments?post=6334"}],"version-history":[{"count":1,"href":"https:\/\/comjib.org\/pt-pt\/wp-json\/wp\/v2\/posts\/6334\/revisions"}],"predecessor-version":[{"id":6335,"href":"https:\/\/comjib.org\/pt-pt\/wp-json\/wp\/v2\/posts\/6334\/revisions\/6335"}],"wp:featuredmedia":[{"embeddable":true,"href":"https:\/\/comjib.org\/pt-pt\/wp-json\/wp\/v2\/media\/5795"}],"wp:attachment":[{"href":"https:\/\/comjib.org\/pt-pt\/wp-json\/wp\/v2\/media?parent=6334"}],"wp:term":[{"taxonomy":"category","embeddable":true,"href":"https:\/\/comjib.org\/pt-pt\/wp-json\/wp\/v2\/categories?post=6334"},{"taxonomy":"post_tag","embeddable":true,"href":"https:\/\/comjib.org\/pt-pt\/wp-json\/wp\/v2\/tags?post=6334"}],"curies":[{"name":"wp","href":"https:\/\/api.w.org\/{rel}","templated":true}]}}