{"id":6323,"date":"2023-07-04T09:25:02","date_gmt":"2023-07-04T07:25:02","guid":{"rendered":"https:\/\/comjib.org\/?p=6323"},"modified":"2024-12-20T18:17:48","modified_gmt":"2024-12-20T17:17:48","slug":"reuniao-do-comite-executivo-da-iberred","status":"publish","type":"post","link":"https:\/\/comjib.org\/pt-pt\/reuniao-do-comite-executivo-da-iberred\/","title":{"rendered":"Reuni\u00e3o do Comit\u00ea Executivo da IberRed"},"content":{"rendered":"<p>No dia 28 de junho de 2023, realizou-se na sede do Minist\u00e9rio da Justi\u00e7a da Espanha, a reuni\u00e3o da Comiss\u00e3o Executiva da Rede Ibero-Americana de Coopera\u00e7\u00e3o Jur\u00eddica Internacional (IberRed).<\/p>\n<p>Participaram do encontro a Associa\u00e7\u00e3o Ibero-Americana de Minist\u00e9rios P\u00fablicos (AIAMP); a Confer\u00eancia de Ministros da Justi\u00e7a dos Pa\u00edses Ibero-americanos (COMJIB) e a Cimeira Judicial Ibero-americana.<\/p>\n<p>Durante a reuni\u00e3o foi acordado promover o uso ativo da Plataforma Iber@ e incentivar a participa\u00e7\u00e3o de todos os membros em atividades e projetos conjuntos, al\u00e9m de estreitar rela\u00e7\u00f5es com outras regi\u00f5es e organiza\u00e7\u00f5es internacionais para promover uma coopera\u00e7\u00e3o mais ampla em quest\u00f5es de justi\u00e7a e seguran\u00e7a. Relativamente ao plano de trabalho para o ano de 2024, considerou-se especialmente importante retomar os trabalhos t\u00e9cnicos em mat\u00e9ria civil e penal.<\/p>\n","protected":false},"excerpt":{"rendered":"<p>No dia 28 de junho de 2023, realizou-se na sede do Minist\u00e9rio da Justi\u00e7a da Espanha, a reuni\u00e3o da Comiss\u00e3o Executiva da Rede Ibero-Americana de Coopera\u00e7\u00e3o Jur\u00eddica Internacional (IberRed). Participaram do encontro a Associa\u00e7\u00e3o Ibero-Americana de Minist\u00e9rios P\u00fablicos (AIAMP); a Confer\u00eancia de Ministros da Justi\u00e7a dos Pa\u00edses Ibero-americanos (COMJIB) e a Cimeira Judicial Ibero-americana. Durante [&hellip;]<\/p>\n","protected":false},"author":34415,"featured_media":5804,"comment_status":"closed","ping_status":"closed","sticky":false,"template":"","format":"standard","meta":{"_et_pb_use_builder":"","_et_pb_old_content":"","_et_gb_content_width":"","footnotes":""},"categories":[116],"tags":[117],"class_list":["post-6323","post","type-post","status-publish","format-standard","has-post-thumbnail","hentry","category-noticias-pt-pt-pt","tag-noticias-pt-pt-pt"],"_links":{"self":[{"href":"https:\/\/comjib.org\/pt-pt\/wp-json\/wp\/v2\/posts\/6323","targetHints":{"allow":["GET"]}}],"collection":[{"href":"https:\/\/comjib.org\/pt-pt\/wp-json\/wp\/v2\/posts"}],"about":[{"href":"https:\/\/comjib.org\/pt-pt\/wp-json\/wp\/v2\/types\/post"}],"author":[{"embeddable":true,"href":"https:\/\/comjib.org\/pt-pt\/wp-json\/wp\/v2\/users\/34415"}],"replies":[{"embeddable":true,"href":"https:\/\/comjib.org\/pt-pt\/wp-json\/wp\/v2\/comments?post=6323"}],"version-history":[{"count":1,"href":"https:\/\/comjib.org\/pt-pt\/wp-json\/wp\/v2\/posts\/6323\/revisions"}],"predecessor-version":[{"id":6324,"href":"https:\/\/comjib.org\/pt-pt\/wp-json\/wp\/v2\/posts\/6323\/revisions\/6324"}],"wp:featuredmedia":[{"embeddable":true,"href":"https:\/\/comjib.org\/pt-pt\/wp-json\/wp\/v2\/media\/5804"}],"wp:attachment":[{"href":"https:\/\/comjib.org\/pt-pt\/wp-json\/wp\/v2\/media?parent=6323"}],"wp:term":[{"taxonomy":"category","embeddable":true,"href":"https:\/\/comjib.org\/pt-pt\/wp-json\/wp\/v2\/categories?post=6323"},{"taxonomy":"post_tag","embeddable":true,"href":"https:\/\/comjib.org\/pt-pt\/wp-json\/wp\/v2\/tags?post=6323"}],"curies":[{"name":"wp","href":"https:\/\/api.w.org\/{rel}","templated":true}]}}