{"id":6320,"date":"2023-07-06T17:30:28","date_gmt":"2023-07-06T15:30:28","guid":{"rendered":"https:\/\/comjib.org\/?p=6320"},"modified":"2024-12-20T18:16:47","modified_gmt":"2024-12-20T17:16:47","slug":"recrutamento-para-a-coordenacao-geral-da-comjib","status":"publish","type":"post","link":"https:\/\/comjib.org\/pt-pt\/recrutamento-para-a-coordenacao-geral-da-comjib\/","title":{"rendered":"Recrutamento para a Coordena\u00e7\u00e3o Geral da COMJIB"},"content":{"rendered":"<p>A Secretaria-Geral da Confer\u00eancia de Ministros da Justi\u00e7a dos Pa\u00edses Ibero-Americanos (COMJIB) abre processo de sele\u00e7\u00e3o de pessoal para ocupar o cargo de Coordenador\/a-Geral da COMJIB.<\/p>\n<p>Consulte a documenta\u00e7\u00e3o completa no seguinte link:<\/p>\n<p><a href=\"https:\/\/drive.google.com\/drive\/folders\/1Ichjpoy1VHcXhBPIl9utzeOX7A478ZAc?usp=sharing\" target=\"_blank\" rel=\"noopener noreferrer\">https:\/\/drive.google.com\/drive\/folders\/1Ichjpoy1VHcXhBPIl9utzeOX7A478ZAc?usp=sharing<\/a><\/p>\n","protected":false},"excerpt":{"rendered":"<p>A Secretaria-Geral da Confer\u00eancia de Ministros da Justi\u00e7a dos Pa\u00edses Ibero-Americanos (COMJIB) abre processo de sele\u00e7\u00e3o de pessoal para ocupar o cargo de Coordenador\/a-Geral da COMJIB. Consulte a documenta\u00e7\u00e3o completa no seguinte link: https:\/\/drive.google.com\/drive\/folders\/1Ichjpoy1VHcXhBPIl9utzeOX7A478ZAc?usp=sharing<\/p>\n","protected":false},"author":34415,"featured_media":5805,"comment_status":"closed","ping_status":"closed","sticky":false,"template":"","format":"standard","meta":{"_et_pb_use_builder":"","_et_pb_old_content":"","_et_gb_content_width":"","footnotes":""},"categories":[116],"tags":[117],"class_list":["post-6320","post","type-post","status-publish","format-standard","has-post-thumbnail","hentry","category-noticias-pt-pt-pt","tag-noticias-pt-pt-pt"],"_links":{"self":[{"href":"https:\/\/comjib.org\/pt-pt\/wp-json\/wp\/v2\/posts\/6320","targetHints":{"allow":["GET"]}}],"collection":[{"href":"https:\/\/comjib.org\/pt-pt\/wp-json\/wp\/v2\/posts"}],"about":[{"href":"https:\/\/comjib.org\/pt-pt\/wp-json\/wp\/v2\/types\/post"}],"author":[{"embeddable":true,"href":"https:\/\/comjib.org\/pt-pt\/wp-json\/wp\/v2\/users\/34415"}],"replies":[{"embeddable":true,"href":"https:\/\/comjib.org\/pt-pt\/wp-json\/wp\/v2\/comments?post=6320"}],"version-history":[{"count":1,"href":"https:\/\/comjib.org\/pt-pt\/wp-json\/wp\/v2\/posts\/6320\/revisions"}],"predecessor-version":[{"id":6321,"href":"https:\/\/comjib.org\/pt-pt\/wp-json\/wp\/v2\/posts\/6320\/revisions\/6321"}],"wp:featuredmedia":[{"embeddable":true,"href":"https:\/\/comjib.org\/pt-pt\/wp-json\/wp\/v2\/media\/5805"}],"wp:attachment":[{"href":"https:\/\/comjib.org\/pt-pt\/wp-json\/wp\/v2\/media?parent=6320"}],"wp:term":[{"taxonomy":"category","embeddable":true,"href":"https:\/\/comjib.org\/pt-pt\/wp-json\/wp\/v2\/categories?post=6320"},{"taxonomy":"post_tag","embeddable":true,"href":"https:\/\/comjib.org\/pt-pt\/wp-json\/wp\/v2\/tags?post=6320"}],"curies":[{"name":"wp","href":"https:\/\/api.w.org\/{rel}","templated":true}]}}