{"id":6317,"date":"2023-07-19T13:03:42","date_gmt":"2023-07-19T11:03:42","guid":{"rendered":"https:\/\/comjib.org\/?p=6317"},"modified":"2024-12-20T18:15:29","modified_gmt":"2024-12-20T17:15:29","slug":"os-organismos-ibero-americanos-comemoram-o-dia-da-iberoamerica-e-reafirmam-a-vigencia-de-sua-comunidade","status":"publish","type":"post","link":"https:\/\/comjib.org\/pt-pt\/os-organismos-ibero-americanos-comemoram-o-dia-da-iberoamerica-e-reafirmam-a-vigencia-de-sua-comunidade\/","title":{"rendered":"Os Organismos ibero-americanos comemoram o Dia da Iberoam\u00e9rica e reafirmam a vig\u00eancia de sua comunidade"},"content":{"rendered":"<p>A Confer\u00eancia de Ministros da Justi\u00e7a dos Pa\u00edses Ibero-americanos (COMJIB) junto com a Secretaria Geral Ibero-americana (SEGIB), a Organiza\u00e7\u00e3o de Estados Ibero-americanos para a Educa\u00e7\u00e3o, Ci\u00eancia e Cultura (OEI), a organiza\u00e7\u00e3o Ibero-americana de Seguran\u00e7a Social (OISS) e o Organismo Internacional da Juventude para Iberoam\u00e9rica (OIJ) comemoram hoje, 19 de julho, o Dia da Iberoam\u00e9rica, uma data em que se destaca o valor do conjunto de afinidades hist\u00f3ricas e culturais que unem os 22 pa\u00edses da Iberoam\u00e9rica.<\/p>\n<p>Em 2020, os ministros e ministras de Rela\u00e7\u00f5es Exteriores dos 22 pa\u00edses da regi\u00e3o aprovaram comemorar o Dia da Iberoam\u00e9rica cada 19 de julho, data em que foi assinada a primeira declara\u00e7\u00e3o de chefes de Estado da regi\u00e3o em Guadalajara (M\u00e9xico) em 1991.<\/p>\n<p>Assim, com esta comemora\u00e7\u00e3o, os organismos ibero-americanos reafirmam a import\u00e2ncia da unidade e o desenvolvimento a partir do di\u00e1logo, da coopera\u00e7\u00e3o e da solidariedade para o fortalecimento da Comunidade Ibero-americana.<\/p>\n<p>\u201cO dia 19 de julho \u00e9 uma grande oportunidade para reafirmar a vig\u00eancia da Comunidade Ibero-americana, que se apoia nas l\u00ednguas, na hist\u00f3ria, e na cultura comum, mas, principalmente, prop\u00f5e uma perspectiva de futuro\u201d, afirmou o Secret\u00e1rio-Geral Ibero-americano, Andr\u00e9s Allamand.<\/p>\n<p>Neste contexto, os organismos ibero-americanos trabalham h\u00e1 d\u00e9cadas para fortalecer a comunidade e melhorar a vida de seus cidad\u00e3os e cidad\u00e3s.<\/p>\n<p>O papel da COMJIB, lembrou o seu Secret\u00e1rio-Geral Enrique Gil Botero, \u201c\u00e9 fortalecer na Iberoam\u00e9rica tudo o que tem a ver com justi\u00e7a\u201d.<\/p>\n<p>\u201cPoder\u00edamos dizer que, essencialmente, a raz\u00e3o de ser da COMJIB, \u00e9 consolidar a justi\u00e7a na Iberoam\u00e9rica como um exemplo para o mundo e como um fortalecimento da democracia\u201d, destacou Gil.<\/p>\n<p>\u201cO desenvolvimento econ\u00f4mico e social \u00e9 fundamental para as pessoas da Iberoam\u00e9rica. Por isso, a partir da Organiza\u00e7\u00e3o Ibero-americana de Seguran\u00e7a Social trabalhamos h\u00e1 70 anos pelo reconhecimento dos direitos das pessoas, para fortalecer os sistemas de seguran\u00e7a social e de prote\u00e7\u00e3o social. Atrav\u00e9s da Conven\u00e7\u00e3o Multilateral Ibero-americana de Seguran\u00e7a Social reconhecemos todas as presta\u00e7\u00f5es que possam contribuir a melhorar a qualidade de vida dos trabalhadores e trabalhadoras Ibero-americanas\u201d, destacou a Secret\u00e1ria-Geral para a OISS, Gina Magnolia Ria\u00f1o Bar\u00f3n.<\/p>\n<p>O Secret\u00e1rio-Geral da OEI, Mariano Jabonero, por sua vez, destacou o trabalho realizado pela organiza\u00e7\u00e3o que dirige para que a \u201ccoopera\u00e7\u00e3o realmente aconte\u00e7a\u201d.<\/p>\n<p>\u201cEm outras palavras, ajudar a resolver os problemas das pessoas, implementar pol\u00edticas p\u00fablicas e que as pol\u00edticas p\u00fablicas sejam bem-sucedidas em benef\u00edcio da comunidade\u201d explicou Jabonero.<\/p>\n<p>O Secret\u00e1rio-Geral da OIJ, Max Trejo Cervantes, por sua vez, enfatizou que \u201cas pessoas jovens s\u00e3o protagonistas da transforma\u00e7\u00e3o de nossos pa\u00edses e impulsionadores do desenvolvimento sustent\u00e1vel; e, a partir do nosso Organismo Internacional procuramos emponderar e fortalecer a sua capacidade atrav\u00e9s do desenvolvimento da Nova Agenda de Juventudes, que conta com o apoio de diferentes institui\u00e7\u00f5es de coopera\u00e7\u00e3o multilateral, posicionando -na agenda internacional- os assuntos que mais afetam a este importante segmento da popula\u00e7\u00e3o\u201d.<\/p>\n<p>\u201cDesde a Secretaria-Geral Ibero-americana continuaremos fortalecendo a comunidade, gerando direitos, criando oportunidades e atraindo a novos atores\u201d, indicou o Secret\u00e1rio-Geral Ibero-americano.<\/p>\n<p>Desde a COMJIB, junto com os demais Organismos Ibero-americanos, buscamos uma Iberoam\u00e9rica justa, pac\u00edfica e inclusiva.<\/p>\n<p>&nbsp;<\/p>\n","protected":false},"excerpt":{"rendered":"<p>A Confer\u00eancia de Ministros da Justi\u00e7a dos Pa\u00edses Ibero-americanos (COMJIB) junto com a Secretaria Geral Ibero-americana (SEGIB), a Organiza\u00e7\u00e3o de Estados Ibero-americanos para a Educa\u00e7\u00e3o, Ci\u00eancia e Cultura (OEI), a organiza\u00e7\u00e3o Ibero-americana de Seguran\u00e7a Social (OISS) e o Organismo Internacional da Juventude para Iberoam\u00e9rica (OIJ) comemoram hoje, 19 de julho, o Dia da Iberoam\u00e9rica, uma [&hellip;]<\/p>\n","protected":false},"author":34415,"featured_media":5806,"comment_status":"closed","ping_status":"closed","sticky":false,"template":"","format":"standard","meta":{"_et_pb_use_builder":"","_et_pb_old_content":"","_et_gb_content_width":"","footnotes":""},"categories":[116],"tags":[117],"class_list":["post-6317","post","type-post","status-publish","format-standard","has-post-thumbnail","hentry","category-noticias-pt-pt-pt","tag-noticias-pt-pt-pt"],"_links":{"self":[{"href":"https:\/\/comjib.org\/pt-pt\/wp-json\/wp\/v2\/posts\/6317","targetHints":{"allow":["GET"]}}],"collection":[{"href":"https:\/\/comjib.org\/pt-pt\/wp-json\/wp\/v2\/posts"}],"about":[{"href":"https:\/\/comjib.org\/pt-pt\/wp-json\/wp\/v2\/types\/post"}],"author":[{"embeddable":true,"href":"https:\/\/comjib.org\/pt-pt\/wp-json\/wp\/v2\/users\/34415"}],"replies":[{"embeddable":true,"href":"https:\/\/comjib.org\/pt-pt\/wp-json\/wp\/v2\/comments?post=6317"}],"version-history":[{"count":1,"href":"https:\/\/comjib.org\/pt-pt\/wp-json\/wp\/v2\/posts\/6317\/revisions"}],"predecessor-version":[{"id":6318,"href":"https:\/\/comjib.org\/pt-pt\/wp-json\/wp\/v2\/posts\/6317\/revisions\/6318"}],"wp:featuredmedia":[{"embeddable":true,"href":"https:\/\/comjib.org\/pt-pt\/wp-json\/wp\/v2\/media\/5806"}],"wp:attachment":[{"href":"https:\/\/comjib.org\/pt-pt\/wp-json\/wp\/v2\/media?parent=6317"}],"wp:term":[{"taxonomy":"category","embeddable":true,"href":"https:\/\/comjib.org\/pt-pt\/wp-json\/wp\/v2\/categories?post=6317"},{"taxonomy":"post_tag","embeddable":true,"href":"https:\/\/comjib.org\/pt-pt\/wp-json\/wp\/v2\/tags?post=6317"}],"curies":[{"name":"wp","href":"https:\/\/api.w.org\/{rel}","templated":true}]}}