{"id":6314,"date":"2023-07-29T18:20:44","date_gmt":"2023-07-29T16:20:44","guid":{"rendered":"https:\/\/comjib.org\/?p=6314"},"modified":"2024-12-20T18:13:24","modified_gmt":"2024-12-20T17:13:24","slug":"dia-da-mulher-jurista-ibero-americana","status":"publish","type":"post","link":"https:\/\/comjib.org\/pt-pt\/dia-da-mulher-jurista-ibero-americana\/","title":{"rendered":"Dia da Mulher Jurista Ibero-americana"},"content":{"rendered":"<p>No dia 29 de julho se comemora o Dia da Mulher Jurista Ibero-americana, estabelecido por iniciativa da COMJIB com apoio da SEGIB como uma forma de visibilizar os obst\u00e1culos persistentes para a plena incorpora\u00e7\u00e3o das mulheres da regi\u00e3o ibero-americana nos \u00e2mbitos p\u00fablicos de decis\u00e3o.<\/p>\n<p>Foi no dia 29 de julho de 1952 que Adriana Olgu\u00edn se tornou a primeira mulher Ministra de Estado no Chile e a primeira Ministra da Justi\u00e7a de toda a Iberoam\u00e9rica. Seu trabalho como advogada e secret\u00e1ria de Estado consistiu em lutar pela justi\u00e7a,\u00a0 integra\u00e7\u00e3o e\u00a0 igualdade de oportunidades para homens e mulheres.<\/p>\n<p>Os primeiros estudos de direito em que se matricularam e formaram mulheres na Iberoam\u00e9rica datam do s\u00e9culo XIX no Brasil, Chile e Mexico. Mirthes Gomes de Campos, Matilde Throup e Mar\u00eda Asunci\u00f3n Sandoval Ol\u00e1is foram as tr\u00eas primeiras mulheres a se formar como advogadas e com muita dificuldade conseguiram exercer sua profiss\u00e3o ou exercer como ju\u00edzas. Em conson\u00e2ncia com o exposto, a primeira mulher em Iberoam\u00e9rica a exercer o direito de voto, embora, ainda fosse proibido em seu pa\u00eds o sufr\u00e1gio feminino, foi Carolina Beatriz \u00c2ngelo, em 1911 nas elei\u00e7\u00f5es constitutivas de Portugal. Nesse mesmo ano tamb\u00e9m conseguiu exercer o direito de voto a argentina Julieta Lanteri, e muitas outras as seguiram, como as espanholas m\u00e9dicas Trinidad Arroyo ou a escritora Emilia Pardo Baz\u00e1n, em 1916. Em 1924 conseguiu votar a primeira mulher na Am\u00e9rica Latina, o que desencadeou em uma \u00e9poca de defesa do direito das mulheres ao voto, e foi no final da d\u00e9cada dos anos 40 e in\u00edcio dos 50 que se generaliza o sufr\u00e1gio feminino na regi\u00e3o ibero-americana.<\/p>\n<p>Felicitamos as mulheres que encabe\u00e7am hoje as institui\u00e7\u00f5es membros da COMJIB. Ester Moln\u00e9 Soldevila (Ministra da Justi\u00e7a e Interior de Andorra), Diana Salazar M\u00e9ndez (Promotora Geral do Equador), Mar\u00eda Pilar Llop Cuenca (Ministra da Justi\u00e7a da Espanha), Wendy Morales (Promotora Geral de Nicaragua), Catarina Sarmento e Castro (Ministra da Justi\u00e7a de Portugal) e Miriam Germ\u00e1n Brito (Promotora Geral da Rep\u00fablica Dominicana).<\/p>\n<p>A COMJIB promoveu no ano de 2021 no espa\u00e7o da Comunidade Ibero-americana a celebra\u00e7\u00e3o do Dia da Mulher Jurista Ibero-americana, consciente do poder transformador das mulheres no \u00e2mbito da justi\u00e7a e a necessidade de visibilizar sua contribui\u00e7\u00e3o na constru\u00e7\u00e3o de sociedades mais justas, pac\u00edficas e inclusivas.<\/p>\n<p>&nbsp;<\/p>\n","protected":false},"excerpt":{"rendered":"<p>No dia 29 de julho se comemora o Dia da Mulher Jurista Ibero-americana, estabelecido por iniciativa da COMJIB com apoio da SEGIB como uma forma de visibilizar os obst\u00e1culos persistentes para a plena incorpora\u00e7\u00e3o das mulheres da regi\u00e3o ibero-americana nos \u00e2mbitos p\u00fablicos de decis\u00e3o. Foi no dia 29 de julho de 1952 que Adriana Olgu\u00edn [&hellip;]<\/p>\n","protected":false},"author":34415,"featured_media":5807,"comment_status":"closed","ping_status":"closed","sticky":false,"template":"","format":"standard","meta":{"_et_pb_use_builder":"","_et_pb_old_content":"","_et_gb_content_width":"","footnotes":""},"categories":[116],"tags":[117],"class_list":["post-6314","post","type-post","status-publish","format-standard","has-post-thumbnail","hentry","category-noticias-pt-pt-pt","tag-noticias-pt-pt-pt"],"_links":{"self":[{"href":"https:\/\/comjib.org\/pt-pt\/wp-json\/wp\/v2\/posts\/6314","targetHints":{"allow":["GET"]}}],"collection":[{"href":"https:\/\/comjib.org\/pt-pt\/wp-json\/wp\/v2\/posts"}],"about":[{"href":"https:\/\/comjib.org\/pt-pt\/wp-json\/wp\/v2\/types\/post"}],"author":[{"embeddable":true,"href":"https:\/\/comjib.org\/pt-pt\/wp-json\/wp\/v2\/users\/34415"}],"replies":[{"embeddable":true,"href":"https:\/\/comjib.org\/pt-pt\/wp-json\/wp\/v2\/comments?post=6314"}],"version-history":[{"count":1,"href":"https:\/\/comjib.org\/pt-pt\/wp-json\/wp\/v2\/posts\/6314\/revisions"}],"predecessor-version":[{"id":6315,"href":"https:\/\/comjib.org\/pt-pt\/wp-json\/wp\/v2\/posts\/6314\/revisions\/6315"}],"wp:featuredmedia":[{"embeddable":true,"href":"https:\/\/comjib.org\/pt-pt\/wp-json\/wp\/v2\/media\/5807"}],"wp:attachment":[{"href":"https:\/\/comjib.org\/pt-pt\/wp-json\/wp\/v2\/media?parent=6314"}],"wp:term":[{"taxonomy":"category","embeddable":true,"href":"https:\/\/comjib.org\/pt-pt\/wp-json\/wp\/v2\/categories?post=6314"},{"taxonomy":"post_tag","embeddable":true,"href":"https:\/\/comjib.org\/pt-pt\/wp-json\/wp\/v2\/tags?post=6314"}],"curies":[{"name":"wp","href":"https:\/\/api.w.org\/{rel}","templated":true}]}}