{"id":6311,"date":"2023-07-30T18:28:59","date_gmt":"2023-07-30T16:28:59","guid":{"rendered":"https:\/\/comjib.org\/?p=6311"},"modified":"2024-12-20T18:09:19","modified_gmt":"2024-12-20T17:09:19","slug":"dia-mundial-contra-o-trafico-de-pessoas","status":"publish","type":"post","link":"https:\/\/comjib.org\/pt-pt\/dia-mundial-contra-o-trafico-de-pessoas\/","title":{"rendered":"Dia Mundial contra o Tr\u00e1fico de Pessoas"},"content":{"rendered":"<p>A COMJIB se une \u00e0 comemora\u00e7\u00e3o do Dia Mundial contra o Tr\u00e1fico de Pessoas, estabelecido para prevenir o tr\u00e1fico de pessoas e penalizar os traficantes. Antes da crise mundial provocada pela COVID-19, se estimava que por cada v\u00edtima de tr\u00e1fico registrada oficialmente, havia outras 20 n\u00e3o identificadas. As cifras oficiais referentes a esse crime ca\u00edram durante a pandemia, mas \u00e9 prov\u00e1vel que a pr\u00e1tica tenha se tornado ainda mais clandestina.<\/p>\n<p>Recordamos que na regi\u00e3o existem os <em>Princ\u00edpios interamericanos sobre os direitos humanos de todas as pessoas migrantes, refugiadas, ap\u00e1tridas e v\u00edtimas de tr\u00e1fico de pessoas<\/em>, e que o Princ\u00edpio 42 indica que \u201cTodas as v\u00edtimas de tr\u00e1fico de pessoas, independentemente de sua situa\u00e7\u00e3o migrat\u00f3ria ou origem nacional, devem ser protegidas da revitimiza\u00e7\u00e3o, receber assist\u00eancia jur\u00eddica, aconselhamento e informa\u00e7\u00e3o, inclusive a respeito de seus direitos em um idioma que possam entender, com sensibilidade de g\u00eanero e assist\u00eancia m\u00e9dica, psicossocial e material, assim como de privacidade e identidade da v\u00edtima. Tamb\u00e9m devem ser oferecidas oportunidades educativas ou de capacita\u00e7\u00e3o.\u201d<\/p>\n<p>Desde a COMJIB promovemos o Tratado de Medell\u00edn, uma ferramenta que fortalece a coopera\u00e7\u00e3o jur\u00eddica internacional para combater de forma mais efetiva os crimes transnacionais como o tr\u00e1fico de pessoas, que exigem uma resposta coordenada em n\u00edvel internacional. Ao mesmo tempo, atrav\u00e9s de IberRed, colaboramos com a Rede Ibero-americana de Procuradores Especializados em Tr\u00e1fico de Pessoas e Tr\u00e1fico Il\u00edcito de Migrantes (REDTRAM) da AIAMP, para combater esse crime.<\/p>\n<p>&nbsp;<\/p>\n<p>&nbsp;<\/p>\n","protected":false},"excerpt":{"rendered":"<p>A COMJIB se une \u00e0 comemora\u00e7\u00e3o do Dia Mundial contra o Tr\u00e1fico de Pessoas, estabelecido para prevenir o tr\u00e1fico de pessoas e penalizar os traficantes. Antes da crise mundial provocada pela COVID-19, se estimava que por cada v\u00edtima de tr\u00e1fico registrada oficialmente, havia outras 20 n\u00e3o identificadas. As cifras oficiais referentes a esse crime ca\u00edram [&hellip;]<\/p>\n","protected":false},"author":34415,"featured_media":5808,"comment_status":"closed","ping_status":"closed","sticky":false,"template":"","format":"standard","meta":{"_et_pb_use_builder":"","_et_pb_old_content":"","_et_gb_content_width":"","footnotes":""},"categories":[116],"tags":[117],"class_list":["post-6311","post","type-post","status-publish","format-standard","has-post-thumbnail","hentry","category-noticias-pt-pt-pt","tag-noticias-pt-pt-pt"],"_links":{"self":[{"href":"https:\/\/comjib.org\/pt-pt\/wp-json\/wp\/v2\/posts\/6311","targetHints":{"allow":["GET"]}}],"collection":[{"href":"https:\/\/comjib.org\/pt-pt\/wp-json\/wp\/v2\/posts"}],"about":[{"href":"https:\/\/comjib.org\/pt-pt\/wp-json\/wp\/v2\/types\/post"}],"author":[{"embeddable":true,"href":"https:\/\/comjib.org\/pt-pt\/wp-json\/wp\/v2\/users\/34415"}],"replies":[{"embeddable":true,"href":"https:\/\/comjib.org\/pt-pt\/wp-json\/wp\/v2\/comments?post=6311"}],"version-history":[{"count":1,"href":"https:\/\/comjib.org\/pt-pt\/wp-json\/wp\/v2\/posts\/6311\/revisions"}],"predecessor-version":[{"id":6312,"href":"https:\/\/comjib.org\/pt-pt\/wp-json\/wp\/v2\/posts\/6311\/revisions\/6312"}],"wp:featuredmedia":[{"embeddable":true,"href":"https:\/\/comjib.org\/pt-pt\/wp-json\/wp\/v2\/media\/5808"}],"wp:attachment":[{"href":"https:\/\/comjib.org\/pt-pt\/wp-json\/wp\/v2\/media?parent=6311"}],"wp:term":[{"taxonomy":"category","embeddable":true,"href":"https:\/\/comjib.org\/pt-pt\/wp-json\/wp\/v2\/categories?post=6311"},{"taxonomy":"post_tag","embeddable":true,"href":"https:\/\/comjib.org\/pt-pt\/wp-json\/wp\/v2\/tags?post=6311"}],"curies":[{"name":"wp","href":"https:\/\/api.w.org\/{rel}","templated":true}]}}