{"id":6305,"date":"2023-08-09T18:21:38","date_gmt":"2023-08-09T16:21:38","guid":{"rendered":"https:\/\/comjib.org\/?p=6305"},"modified":"2024-12-20T18:02:48","modified_gmt":"2024-12-20T17:02:48","slug":"os-organismos-ibero-americanos-lancam-tres-novas-ferramentas-para-avancar-em-igualdade-de-genero","status":"publish","type":"post","link":"https:\/\/comjib.org\/pt-pt\/os-organismos-ibero-americanos-lancam-tres-novas-ferramentas-para-avancar-em-igualdade-de-genero\/","title":{"rendered":"Os Organismos Ibero-americanos lan\u00e7am tr\u00eas novas ferramentas para avan\u00e7ar em igualdade de g\u00eanero"},"content":{"rendered":"<p>Faz anos que os pa\u00edses ibero-americanos est\u00e3o comprometidos com a transversaliza\u00e7\u00e3o da perspectiva de g\u00eanero na Confer\u00eancia Ibero-americana, tal como foi manifesto em sucessivas C\u00fapulas.<\/p>\n<p>A este respeito, a COMJIB trabalha ativamente para promover a igualdade de g\u00eanero, no marco do Comit\u00ea de G\u00eanero dos Organismos Ibero-americanos (OOIB), um grupo de trabalho integrado pela Organiza\u00e7\u00e3o de Estados Ibero-americanos para a Educa\u00e7\u00e3o, a Ci\u00eancia e a Cultura (OEI), a Organiza\u00e7\u00e3o Ibero-americana de Seguran\u00e7a Social (OISS), a Confer\u00eancia de Ministros de Justi\u00e7a dos Pa\u00edses Ibero-americanos (COMJIB), o Organismo Internacional da Juventude para a Ibero-Am\u00e9rica (OIJ), e a Secretaria-Geral Ibero-americana (SEGIB). Desde 2015, o grupo trabalha de maneira coordenada, para dar seguimento ao mandato de transversaliza\u00e7\u00e3o da perspectiva de g\u00eanero no Sistema Ibero-americano, mediante a inicializa\u00e7\u00e3o de a\u00e7\u00f5es espec\u00edficas para promover a institucionaliza\u00e7\u00e3o das pol\u00edticas de igualdade de g\u00eanero dos OOIB.<\/p>\n<p>Com esta inten\u00e7\u00e3o, foram elaboradas tr\u00eas novas ferramentas em mat\u00e9ria de comunica\u00e7\u00e3o inclusiva, gest\u00e3o de eventos e contrata\u00e7\u00e3o p\u00fablica para facilitar a incorpora\u00e7\u00e3o da perspectiva de g\u00eanero no afazer dos organismos. Tr\u00eas ferramentas que desde a COMJIB hoje pomos \u00e0 disposi\u00e7\u00e3o de toda a Comunidade Ibero-americana:<\/p>\n<ol>\n<li>Orienta\u00e7\u00f5es para o uso de uma linguagem inclusiva com perspectiva de g\u00eanero nos Organismos Ibero-americanos.<\/li>\n<li>Orienta\u00e7\u00f5es para incorporar a perspectiva de g\u00eanero nos eventos dos organismos ibero-americanos.<\/li>\n<li>Orienta\u00e7\u00f5es para incorporar a perspectiva de g\u00eanero na compra e contrata\u00e7\u00e3o de servi\u00e7os nos organismos ibero-americanos.<\/li>\n<\/ol>\n<p>Os documentos s\u00e3o recursos valiosos que buscam impulsionar desde o \u00e2mbito dos organismos, a constru\u00e7\u00e3o de sociedades mais justas e igualit\u00e1rias.<\/p>\n<p>Pode-se aceder a eles e descarreg\u00e1-los aqui:<!-- pdfs --><\/p>\n<p><a href=\"\/wp-content\/uploads\/2023\/08\/PT-Linguagem_inclusiva_de-genero_OOIB.pdf\" target=\"_blank\" rel=\"noopener noreferrer\">Orienta\u00e7\u00f5es sobrea utiliza\u00e7\u00e3o deuma linguagem inclusiva com perspetivade g\u00e9nero<img loading=\"lazy\" decoding=\"async\" class=\"alignnone size-full wp-image-1084\" src=\"https:\/\/comjib.org\/wp-content\/uploads\/2016\/12\/pdficon.png\" alt=\"\" width=\"30\" height=\"30\" \/><\/a><\/p>\n<p><a href=\"\/wp-content\/uploads\/2023\/08\/PT-Licitacion_com_PdG_nos_OOIB.pdf\" target=\"_blank\" rel=\"noopener noreferrer\">Orienta\u00e7\u00f5es para incorporar a perspetiva de g\u00e9nero na compra e contrata\u00e7\u00e3ode servi\u00e7os<img loading=\"lazy\" decoding=\"async\" class=\"alignnone size-full wp-image-1084\" src=\"https:\/\/comjib.org\/wp-content\/uploads\/2016\/12\/pdficon.png\" alt=\"\" width=\"30\" height=\"30\" \/><\/a><\/p>\n<p><a href=\"\/wp-content\/uploads\/2023\/08\/PT-Eventos_genero_OOIB.pdf\" target=\"_blank\" rel=\"noopener noreferrer\">Diretrizes paraa Incorpora\u00e7\u00e3o da Perspetiva de G\u00e9nero nos Eventos<img loading=\"lazy\" decoding=\"async\" class=\"alignnone size-full wp-image-1084\" src=\"https:\/\/comjib.org\/wp-content\/uploads\/2016\/12\/pdficon.png\" alt=\"\" width=\"30\" height=\"30\" \/><\/a><\/p>\n","protected":false},"excerpt":{"rendered":"<p>Faz anos que os pa\u00edses ibero-americanos est\u00e3o comprometidos com a transversaliza\u00e7\u00e3o da perspectiva de g\u00eanero na Confer\u00eancia Ibero-americana, tal como foi manifesto em sucessivas C\u00fapulas. A este respeito, a COMJIB trabalha ativamente para promover a igualdade de g\u00eanero, no marco do Comit\u00ea de G\u00eanero dos Organismos Ibero-americanos (OOIB), um grupo de trabalho integrado pela Organiza\u00e7\u00e3o [&hellip;]<\/p>\n","protected":false},"author":34415,"featured_media":5818,"comment_status":"closed","ping_status":"closed","sticky":false,"template":"","format":"standard","meta":{"_et_pb_use_builder":"","_et_pb_old_content":"","_et_gb_content_width":"","footnotes":""},"categories":[116],"tags":[117],"class_list":["post-6305","post","type-post","status-publish","format-standard","has-post-thumbnail","hentry","category-noticias-pt-pt-pt","tag-noticias-pt-pt-pt"],"_links":{"self":[{"href":"https:\/\/comjib.org\/pt-pt\/wp-json\/wp\/v2\/posts\/6305","targetHints":{"allow":["GET"]}}],"collection":[{"href":"https:\/\/comjib.org\/pt-pt\/wp-json\/wp\/v2\/posts"}],"about":[{"href":"https:\/\/comjib.org\/pt-pt\/wp-json\/wp\/v2\/types\/post"}],"author":[{"embeddable":true,"href":"https:\/\/comjib.org\/pt-pt\/wp-json\/wp\/v2\/users\/34415"}],"replies":[{"embeddable":true,"href":"https:\/\/comjib.org\/pt-pt\/wp-json\/wp\/v2\/comments?post=6305"}],"version-history":[{"count":1,"href":"https:\/\/comjib.org\/pt-pt\/wp-json\/wp\/v2\/posts\/6305\/revisions"}],"predecessor-version":[{"id":6306,"href":"https:\/\/comjib.org\/pt-pt\/wp-json\/wp\/v2\/posts\/6305\/revisions\/6306"}],"wp:featuredmedia":[{"embeddable":true,"href":"https:\/\/comjib.org\/pt-pt\/wp-json\/wp\/v2\/media\/5818"}],"wp:attachment":[{"href":"https:\/\/comjib.org\/pt-pt\/wp-json\/wp\/v2\/media?parent=6305"}],"wp:term":[{"taxonomy":"category","embeddable":true,"href":"https:\/\/comjib.org\/pt-pt\/wp-json\/wp\/v2\/categories?post=6305"},{"taxonomy":"post_tag","embeddable":true,"href":"https:\/\/comjib.org\/pt-pt\/wp-json\/wp\/v2\/tags?post=6305"}],"curies":[{"name":"wp","href":"https:\/\/api.w.org\/{rel}","templated":true}]}}