{"id":6302,"date":"2023-09-11T16:04:04","date_gmt":"2023-09-11T14:04:04","guid":{"rendered":"https:\/\/comjib.org\/?p=6302"},"modified":"2024-12-20T18:00:10","modified_gmt":"2024-12-20T17:00:10","slug":"la-comjib-aporta-soluciones-para-la-cooperacion-judicial-entre-la-ue-y-latinoamerica","status":"publish","type":"post","link":"https:\/\/comjib.org\/pt-pt\/la-comjib-aporta-soluciones-para-la-cooperacion-judicial-entre-la-ue-y-latinoamerica\/","title":{"rendered":"La COMJIB aporta soluciones para la cooperaci\u00f3n judicial entre la UE y Latinoam\u00e9rica"},"content":{"rendered":"<p>Na sexta-feira, 8 de setembro, realizou-se a reuni\u00e3o da Comiss\u00e3o de Coordena\u00e7\u00e3o em mat\u00e9ria de Coopera\u00e7\u00e3o Judici\u00e1ria em Mat\u00e9ria Penal (CATS), no M\u00f3dulo Permanente da Presid\u00eancia Espanhola do Conselho da Uni\u00e3o Europeia (UE), no Ifema. O principal objetivo do encontro foi promover a coopera\u00e7\u00e3o jur\u00eddica penal entre a UE e os pa\u00edses da Am\u00e9rica Latina e das Cara\u00edbas, bem como as rela\u00e7\u00f5es dos Estados-Membros com a Procuradoria Europeia.<\/p>\n<p>A reuni\u00e3o contou com a presen\u00e7a dos Diretores-Gerais da Coopera\u00e7\u00e3o Penal e de outros delegados dos Minist\u00e9rios da Justi\u00e7a dos Estados-Membros, delegados da Dire\u00e7\u00e3o-Geral da Justi\u00e7a da Comiss\u00e3o Europeia, da Procuradoria Europeia, da Eurojust, e do Secret\u00e1rio-Geral da Confer\u00eancia de Ministros da Justi\u00e7a dos Pa\u00edses Ibero-Americanos (COMJIB).<\/p>\n<p>\u201cS\u00f3 atrav\u00e9s da coopera\u00e7\u00e3o seremos capazes de confrontar e combater os crimes internacionais que constituem uma amea\u00e7a \u00e0 paz dos nossos povos, promovendo assim o Estado de Direito e os preceitos dos Objectivos de Desenvolvimento Sustent\u00e1vel das Na\u00e7\u00f5es Unidas\u201d, afirmou o Secret\u00e1rio-Geral da COMJIB, Enrique Gil Botero. A sua apresenta\u00e7\u00e3o serviu fundamentalmente para dar a conhecer o Tratado de Medell\u00edn aos representantes dos pa\u00edses da Uni\u00e3o Europeia, e destacar que o mesmo est\u00e1 aberto \u00e0 ades\u00e3o de qualquer pa\u00eds do mundo, indicando que \u00e9 uma ferramenta que &#8220;procura e consegue uma justi\u00e7a mais eficiente atrav\u00e9s do uso da tecnologia.\u201d<\/p>\n<p>Consulte aqui o discurso completo:<br \/>\n<a href=\"\/wp-content\/uploads\/2023\/09\/Discurso-COMJIB-Reunion-de-Directores-Generales-de-Cooperacion.pdf\" target=\"_blank\" rel=\"noopener noreferrer\">Discurso COMJIB Reuni\u00f3n de Directores Generales de Cooperaci\u00f3n<\/a><\/p>\n","protected":false},"excerpt":{"rendered":"<p>Na sexta-feira, 8 de setembro, realizou-se a reuni\u00e3o da Comiss\u00e3o de Coordena\u00e7\u00e3o em mat\u00e9ria de Coopera\u00e7\u00e3o Judici\u00e1ria em Mat\u00e9ria Penal (CATS), no M\u00f3dulo Permanente da Presid\u00eancia Espanhola do Conselho da Uni\u00e3o Europeia (UE), no Ifema. O principal objetivo do encontro foi promover a coopera\u00e7\u00e3o jur\u00eddica penal entre a UE e os pa\u00edses da Am\u00e9rica Latina [&hellip;]<\/p>\n","protected":false},"author":34415,"featured_media":5821,"comment_status":"closed","ping_status":"closed","sticky":false,"template":"","format":"standard","meta":{"_et_pb_use_builder":"","_et_pb_old_content":"","_et_gb_content_width":"","footnotes":""},"categories":[116],"tags":[117],"class_list":["post-6302","post","type-post","status-publish","format-standard","has-post-thumbnail","hentry","category-noticias-pt-pt-pt","tag-noticias-pt-pt-pt"],"_links":{"self":[{"href":"https:\/\/comjib.org\/pt-pt\/wp-json\/wp\/v2\/posts\/6302","targetHints":{"allow":["GET"]}}],"collection":[{"href":"https:\/\/comjib.org\/pt-pt\/wp-json\/wp\/v2\/posts"}],"about":[{"href":"https:\/\/comjib.org\/pt-pt\/wp-json\/wp\/v2\/types\/post"}],"author":[{"embeddable":true,"href":"https:\/\/comjib.org\/pt-pt\/wp-json\/wp\/v2\/users\/34415"}],"replies":[{"embeddable":true,"href":"https:\/\/comjib.org\/pt-pt\/wp-json\/wp\/v2\/comments?post=6302"}],"version-history":[{"count":1,"href":"https:\/\/comjib.org\/pt-pt\/wp-json\/wp\/v2\/posts\/6302\/revisions"}],"predecessor-version":[{"id":6303,"href":"https:\/\/comjib.org\/pt-pt\/wp-json\/wp\/v2\/posts\/6302\/revisions\/6303"}],"wp:featuredmedia":[{"embeddable":true,"href":"https:\/\/comjib.org\/pt-pt\/wp-json\/wp\/v2\/media\/5821"}],"wp:attachment":[{"href":"https:\/\/comjib.org\/pt-pt\/wp-json\/wp\/v2\/media?parent=6302"}],"wp:term":[{"taxonomy":"category","embeddable":true,"href":"https:\/\/comjib.org\/pt-pt\/wp-json\/wp\/v2\/categories?post=6302"},{"taxonomy":"post_tag","embeddable":true,"href":"https:\/\/comjib.org\/pt-pt\/wp-json\/wp\/v2\/tags?post=6302"}],"curies":[{"name":"wp","href":"https:\/\/api.w.org\/{rel}","templated":true}]}}